{"id":3074,"date":"2024-08-29T16:58:53","date_gmt":"2024-08-29T14:58:53","guid":{"rendered":"https:\/\/ge-na-studie.net\/?p=3074"},"modified":"2024-08-29T17:16:26","modified_gmt":"2024-08-29T15:16:26","slug":"podcast-bildung-fur-transformation","status":"publish","type":"post","link":"https:\/\/ge-na-studie.net\/fr\/podcast-bildung-fur-transformation\/","title":{"rendered":"Podcast &#8211; Bildung f\u00fcr Transformation | Herzen &amp; Systeme"},"content":{"rendered":"<div data-elementor-type=\"wp-post\" data-elementor-id=\"3074\" class=\"elementor elementor-3074\" data-elementor-post-type=\"post\">\n\t\t\t\t<div class=\"elementor-element elementor-element-21cc6a0 e-flex e-con-boxed e-con e-parent\" data-id=\"21cc6a0\" data-element_type=\"container\">\n\t\t\t\t\t<div class=\"e-con-inner\">\n\t\t\t\t<div class=\"elementor-element elementor-element-c13206b elementor-widget elementor-widget-image\" data-id=\"c13206b\" data-element_type=\"widget\" data-widget_type=\"image.default\">\n\t\t\t\t<div class=\"elementor-widget-container\">\n\t\t\t\t\t\t\t\t\t\t\t\t\t<img fetchpriority=\"high\" decoding=\"async\" width=\"1024\" height=\"1024\" src=\"https:\/\/ge-na-studie.net\/wp-content\/uploads\/2024\/08\/herzen-und-systeme-1024x1024.jpeg\" class=\"attachment-large size-large wp-image-3075\" alt=\"\" srcset=\"https:\/\/ge-na-studie.net\/wp-content\/uploads\/2024\/08\/herzen-und-systeme-1024x1024.jpeg 1024w, https:\/\/ge-na-studie.net\/wp-content\/uploads\/2024\/08\/herzen-und-systeme-300x300.jpeg 300w, https:\/\/ge-na-studie.net\/wp-content\/uploads\/2024\/08\/herzen-und-systeme-150x150.jpeg 150w, https:\/\/ge-na-studie.net\/wp-content\/uploads\/2024\/08\/herzen-und-systeme-768x768.jpeg 768w, https:\/\/ge-na-studie.net\/wp-content\/uploads\/2024\/08\/herzen-und-systeme-1536x1536.jpeg 1536w, https:\/\/ge-na-studie.net\/wp-content\/uploads\/2024\/08\/herzen-und-systeme-12x12.jpeg 12w, https:\/\/ge-na-studie.net\/wp-content\/uploads\/2024\/08\/herzen-und-systeme-600x600.jpeg 600w, https:\/\/ge-na-studie.net\/wp-content\/uploads\/2024\/08\/herzen-und-systeme.jpeg 2048w\" sizes=\"(max-width: 1024px) 100vw, 1024px\" \/>\t\t\t\t\t\t\t\t\t\t\t\t\t<\/div>\n\t\t\t\t<\/div>\n\t\t\t\t<div class=\"elementor-element elementor-element-a9b00fc elementor-widget elementor-widget-text-editor\" data-id=\"a9b00fc\" data-element_type=\"widget\" data-widget_type=\"text-editor.default\">\n\t\t\t\t<div class=\"elementor-widget-container\">\n\t\t\t\t\t\t\t<p>Transformation als Ziel bedeutet heute gesamtgesellschaftlich, aber auch in Kirche und Sozialer Arbeit, notwendig auch die Transformation zu einer sozial\u00f6kologisch gerechten und nachhaltigen Gesellschaft. Welche Rolle spielen hierf\u00fcr Bildungsprozesse und Lernorte? Hier\u00fcber unterh\u00e4lt sich Tobias K\u00fcnkler in dieser Folge mit Steffen Blauth und Anna-Lena Moselewski. Anna-Lena Moselewski ist wissenschaftliche Mitarbeiterin an der CVJM-Hochschule. Durch ihr Masterstudium \u201eTransformationsstudien: \u00d6ffentliche Theologie und Soziale Arbeit\u201c hat sie sich sowohl wissenschaftlich als auch ganz praktisch mit dem Thema Nachhaltigkeit besch\u00e4ftigt, was ihr inzwischen zum Herzensanliegen geworden ist. Steffen Blauth begleitet und gestaltet seit 10 Jahren als Sozialarbeiter und Gemeindereferent interkulturelle Begegnungen zusammen mit der Gemeinschaft vom Himmelsfels. Ab Sommer wird er als Praxisdozent am neu entstehenden Himmelsfels Kolleg f\u00fcr den Theorie-Praxis-Transfer von angehenden Erzieher*innen und Jugendrefert*innen zust\u00e4ndig sein.<\/p>\t\t\t\t\t\t<\/div>\n\t\t\t\t<\/div>\n\t\t\t\t<div class=\"elementor-element elementor-element-4eda966 elementor-widget elementor-widget-button\" data-id=\"4eda966\" data-element_type=\"widget\" data-widget_type=\"button.default\">\n\t\t\t\t<div class=\"elementor-widget-container\">\n\t\t\t\t\t<div class=\"elementor-button-wrapper\">\n\t\t\t<a class=\"elementor-button elementor-button-link elementor-size-sm\" href=\"https:\/\/open.spotify.com\/episode\/5VYVbeoc4J14H1atMa4XWq?si=j3BWwyZOTKGswT6p35ZjDQ&#038;nd=1&#038;dlsi=8126e0595d1a4252\" target=\"_blank\">\n\t\t\t\t\t\t<span class=\"elementor-button-content-wrapper\">\n\t\t\t\t\t\t\t\t\t<span class=\"elementor-button-text\">Hier geht's zum Podcast<\/span>\n\t\t\t\t\t<\/span>\n\t\t\t\t\t<\/a>\n\t\t<\/div>\n\t\t\t\t<\/div>\n\t\t\t\t<\/div>\n\t\t\t\t\t<\/div>\n\t\t\t\t<\/div>\n\t\t\t\t<\/div>","protected":false},"excerpt":{"rendered":"<p>Transformation als Ziel bedeutet heute gesamtgesellschaftlich, aber auch in Kirche und Sozialer Arbeit, notwendig auch die Transformation zu einer sozial\u00f6kologisch gerechten und nachhaltigen Gesellschaft. Welche Rolle spielen hierf\u00fcr Bildungsprozesse und Lernorte? Hier\u00fcber unterh\u00e4lt sich Tobias K\u00fcnkler in dieser Folge mit Steffen Blauth und Anna-Lena Moselewski.<\/p>","protected":false},"author":3,"featured_media":3075,"comment_status":"closed","ping_status":"open","sticky":false,"template":"","format":"standard","meta":{"_monsterinsights_skip_tracking":false,"_monsterinsights_sitenote_active":false,"_monsterinsights_sitenote_note":"","_monsterinsights_sitenote_category":0,"ocean_post_layout":"full-screen","ocean_both_sidebars_style":"","ocean_both_sidebars_content_width":0,"ocean_both_sidebars_sidebars_width":0,"ocean_sidebar":"","ocean_second_sidebar":"","ocean_disable_margins":"enable","ocean_add_body_class":"","ocean_shortcode_before_top_bar":"","ocean_shortcode_after_top_bar":"","ocean_shortcode_before_header":"","ocean_shortcode_after_header":"","ocean_has_shortcode":"","ocean_shortcode_after_title":"","ocean_shortcode_before_footer_widgets":"","ocean_shortcode_after_footer_widgets":"","ocean_shortcode_before_footer_bottom":"","ocean_shortcode_after_footer_bottom":"","ocean_display_top_bar":"default","ocean_display_header":"default","ocean_header_style":"","ocean_center_header_left_menu":"","ocean_custom_header_template":"","ocean_custom_logo":0,"ocean_custom_retina_logo":0,"ocean_custom_logo_max_width":0,"ocean_custom_logo_tablet_max_width":0,"ocean_custom_logo_mobile_max_width":0,"ocean_custom_logo_max_height":0,"ocean_custom_logo_tablet_max_height":0,"ocean_custom_logo_mobile_max_height":0,"ocean_header_custom_menu":"","ocean_menu_typo_font_family":"","ocean_menu_typo_font_subset":"","ocean_menu_typo_font_size":0,"ocean_menu_typo_font_size_tablet":0,"ocean_menu_typo_font_size_mobile":0,"ocean_menu_typo_font_size_unit":"px","ocean_menu_typo_font_weight":"","ocean_menu_typo_font_weight_tablet":"","ocean_menu_typo_font_weight_mobile":"","ocean_menu_typo_transform":"","ocean_menu_typo_transform_tablet":"","ocean_menu_typo_transform_mobile":"","ocean_menu_typo_line_height":0,"ocean_menu_typo_line_height_tablet":0,"ocean_menu_typo_line_height_mobile":0,"ocean_menu_typo_line_height_unit":"","ocean_menu_typo_spacing":0,"ocean_menu_typo_spacing_tablet":0,"ocean_menu_typo_spacing_mobile":0,"ocean_menu_typo_spacing_unit":"","ocean_menu_link_color":"","ocean_menu_link_color_hover":"","ocean_menu_link_color_active":"","ocean_menu_link_background":"","ocean_menu_link_hover_background":"","ocean_menu_link_active_background":"","ocean_menu_social_links_bg":"","ocean_menu_social_hover_links_bg":"","ocean_menu_social_links_color":"","ocean_menu_social_hover_links_color":"","ocean_disable_title":"on","ocean_disable_heading":"default","ocean_post_title":"","ocean_post_subheading":"","ocean_post_title_style":"","ocean_post_title_background_color":"","ocean_post_title_background":0,"ocean_post_title_bg_image_position":"","ocean_post_title_bg_image_attachment":"","ocean_post_title_bg_image_repeat":"","ocean_post_title_bg_image_size":"","ocean_post_title_height":0,"ocean_post_title_bg_overlay":0.5,"ocean_post_title_bg_overlay_color":"","ocean_disable_breadcrumbs":"default","ocean_breadcrumbs_color":"","ocean_breadcrumbs_separator_color":"","ocean_breadcrumbs_links_color":"","ocean_breadcrumbs_links_hover_color":"","ocean_display_footer_widgets":"off","ocean_display_footer_bottom":"off","ocean_custom_footer_template":"","ocean_post_oembed":"","ocean_post_self_hosted_media":"","ocean_post_video_embed":"","ocean_link_format":"","ocean_link_format_target":"self","ocean_quote_format":"","ocean_quote_format_link":"post","ocean_gallery_link_images":"on","ocean_gallery_id":[],"footnotes":""},"categories":[17,19],"tags":[],"class_list":["post-3074","post","type-post","status-publish","format-standard","has-post-thumbnail","hentry","category-materialien","category-podcasts","entry","has-media"],"yoast_head":"<!-- This site is optimized with the Yoast SEO plugin v23.6 - https:\/\/yoast.com\/wordpress\/plugins\/seo\/ -->\n<title>Podcast - Bildung f\u00fcr Transformation | Herzen &amp; Systeme - Glaube. Klima. Hoffnung.<\/title>\n<meta name=\"robots\" content=\"index, follow, max-snippet:-1, max-image-preview:large, max-video-preview:-1\" \/>\n<link rel=\"canonical\" href=\"https:\/\/ge-na-studie.net\/fr\/podcast-bildung-fur-transformation\/\" \/>\n<meta property=\"og:locale\" content=\"fr_FR\" \/>\n<meta property=\"og:type\" content=\"article\" \/>\n<meta property=\"og:title\" content=\"Podcast - Bildung f\u00fcr Transformation | Herzen &amp; Systeme - Glaube. Klima. Hoffnung.\" \/>\n<meta property=\"og:description\" content=\"Transformation als Ziel bedeutet heute gesamtgesellschaftlich, aber auch in Kirche und Sozialer Arbeit, notwendig auch die Transformation zu einer sozial\u00f6kologisch gerechten und nachhaltigen Gesellschaft. Welche Rolle spielen hierf\u00fcr Bildungsprozesse und Lernorte? Hier\u00fcber unterh\u00e4lt sich Tobias K\u00fcnkler in dieser Folge mit Steffen Blauth und Anna-Lena Moselewski.\" \/>\n<meta property=\"og:url\" content=\"https:\/\/ge-na-studie.net\/fr\/podcast-bildung-fur-transformation\/\" \/>\n<meta property=\"og:site_name\" content=\"Glaube. Klima. Hoffnung.\" \/>\n<meta property=\"article:published_time\" content=\"2024-08-29T14:58:53+00:00\" \/>\n<meta property=\"article:modified_time\" content=\"2024-08-29T15:16:26+00:00\" \/>\n<meta property=\"og:image\" content=\"https:\/\/ge-na-studie.net\/wp-content\/uploads\/2024\/08\/herzen-und-systeme.jpeg\" \/>\n\t<meta property=\"og:image:width\" content=\"2048\" \/>\n\t<meta property=\"og:image:height\" content=\"2048\" \/>\n\t<meta property=\"og:image:type\" content=\"image\/jpeg\" \/>\n<meta name=\"author\" content=\"Anna-Lena Moselewski\" \/>\n<meta name=\"twitter:card\" content=\"summary_large_image\" \/>\n<meta name=\"twitter:label1\" content=\"\u00c9crit par\" \/>\n\t<meta name=\"twitter:data1\" content=\"Anna-Lena Moselewski\" \/>\n\t<meta name=\"twitter:label2\" content=\"Dur\u00e9e de lecture estim\u00e9e\" \/>\n\t<meta name=\"twitter:data2\" content=\"2 minutes\" \/>\n<script type=\"application\/ld+json\" class=\"yoast-schema-graph\">{\"@context\":\"https:\/\/schema.org\",\"@graph\":[{\"@type\":\"Article\",\"@id\":\"https:\/\/ge-na-studie.net\/podcast-bildung-fur-transformation\/#article\",\"isPartOf\":{\"@id\":\"https:\/\/ge-na-studie.net\/podcast-bildung-fur-transformation\/\"},\"author\":{\"name\":\"Anna-Lena Moselewski\",\"@id\":\"https:\/\/ge-na-studie.net\/#\/schema\/person\/8ccf53c3a42949dc01b131bd0ac8f1b8\"},\"headline\":\"Podcast &#8211; Bildung f\u00fcr Transformation | Herzen &amp; Systeme\",\"datePublished\":\"2024-08-29T14:58:53+00:00\",\"dateModified\":\"2024-08-29T15:16:26+00:00\",\"mainEntityOfPage\":{\"@id\":\"https:\/\/ge-na-studie.net\/podcast-bildung-fur-transformation\/\"},\"wordCount\":147,\"publisher\":{\"@id\":\"https:\/\/ge-na-studie.net\/#organization\"},\"image\":{\"@id\":\"https:\/\/ge-na-studie.net\/podcast-bildung-fur-transformation\/#primaryimage\"},\"thumbnailUrl\":\"https:\/\/ge-na-studie.net\/wp-content\/uploads\/2024\/08\/herzen-und-systeme.jpeg\",\"articleSection\":[\"Materialien\",\"Podcasts\"],\"inLanguage\":\"fr-FR\"},{\"@type\":\"WebPage\",\"@id\":\"https:\/\/ge-na-studie.net\/podcast-bildung-fur-transformation\/\",\"url\":\"https:\/\/ge-na-studie.net\/podcast-bildung-fur-transformation\/\",\"name\":\"Podcast - Bildung f\u00fcr Transformation | Herzen &amp; Systeme - Glaube. Klima. Hoffnung.\",\"isPartOf\":{\"@id\":\"https:\/\/ge-na-studie.net\/#website\"},\"primaryImageOfPage\":{\"@id\":\"https:\/\/ge-na-studie.net\/podcast-bildung-fur-transformation\/#primaryimage\"},\"image\":{\"@id\":\"https:\/\/ge-na-studie.net\/podcast-bildung-fur-transformation\/#primaryimage\"},\"thumbnailUrl\":\"https:\/\/ge-na-studie.net\/wp-content\/uploads\/2024\/08\/herzen-und-systeme.jpeg\",\"datePublished\":\"2024-08-29T14:58:53+00:00\",\"dateModified\":\"2024-08-29T15:16:26+00:00\",\"breadcrumb\":{\"@id\":\"https:\/\/ge-na-studie.net\/podcast-bildung-fur-transformation\/#breadcrumb\"},\"inLanguage\":\"fr-FR\",\"potentialAction\":[{\"@type\":\"ReadAction\",\"target\":[\"https:\/\/ge-na-studie.net\/podcast-bildung-fur-transformation\/\"]}]},{\"@type\":\"ImageObject\",\"inLanguage\":\"fr-FR\",\"@id\":\"https:\/\/ge-na-studie.net\/podcast-bildung-fur-transformation\/#primaryimage\",\"url\":\"https:\/\/ge-na-studie.net\/wp-content\/uploads\/2024\/08\/herzen-und-systeme.jpeg\",\"contentUrl\":\"https:\/\/ge-na-studie.net\/wp-content\/uploads\/2024\/08\/herzen-und-systeme.jpeg\",\"width\":2048,\"height\":2048},{\"@type\":\"BreadcrumbList\",\"@id\":\"https:\/\/ge-na-studie.net\/podcast-bildung-fur-transformation\/#breadcrumb\",\"itemListElement\":[{\"@type\":\"ListItem\",\"position\":1,\"name\":\"Startseite\",\"item\":\"https:\/\/ge-na-studie.net\/\"},{\"@type\":\"ListItem\",\"position\":2,\"name\":\"Podcast &#8211; Bildung f\u00fcr Transformation | Herzen &amp; Systeme\"}]},{\"@type\":\"WebSite\",\"@id\":\"https:\/\/ge-na-studie.net\/#website\",\"url\":\"https:\/\/ge-na-studie.net\/\",\"name\":\"Glaube. Klima. Hoffnung.\",\"description\":\"Was Christinnen und Christen \u00fcber soziale Gerechtigkeit und \u00f6kologische Nachhaltigkeit denken.\",\"publisher\":{\"@id\":\"https:\/\/ge-na-studie.net\/#organization\"},\"potentialAction\":[{\"@type\":\"SearchAction\",\"target\":{\"@type\":\"EntryPoint\",\"urlTemplate\":\"https:\/\/ge-na-studie.net\/?s={search_term_string}\"},\"query-input\":{\"@type\":\"PropertyValueSpecification\",\"valueRequired\":true,\"valueName\":\"search_term_string\"}}],\"inLanguage\":\"fr-FR\"},{\"@type\":\"Organization\",\"@id\":\"https:\/\/ge-na-studie.net\/#organization\",\"name\":\"Die Ge-Na Studie\",\"url\":\"https:\/\/ge-na-studie.net\/\",\"logo\":{\"@type\":\"ImageObject\",\"inLanguage\":\"fr-FR\",\"@id\":\"https:\/\/ge-na-studie.net\/#\/schema\/logo\/image\/\",\"url\":\"https:\/\/ge-na-studie.net\/wp-content\/uploads\/2023\/10\/Logo-Transparent-Background-PNG-file-e1703164434118.png\",\"contentUrl\":\"https:\/\/ge-na-studie.net\/wp-content\/uploads\/2023\/10\/Logo-Transparent-Background-PNG-file-e1703164434118.png\",\"width\":885,\"height\":1017,\"caption\":\"Die Ge-Na Studie\"},\"image\":{\"@id\":\"https:\/\/ge-na-studie.net\/#\/schema\/logo\/image\/\"}},{\"@type\":\"Person\",\"@id\":\"https:\/\/ge-na-studie.net\/#\/schema\/person\/8ccf53c3a42949dc01b131bd0ac8f1b8\",\"name\":\"Anna-Lena Moselewski\",\"image\":{\"@type\":\"ImageObject\",\"inLanguage\":\"fr-FR\",\"@id\":\"https:\/\/ge-na-studie.net\/#\/schema\/person\/image\/\",\"url\":\"https:\/\/secure.gravatar.com\/avatar\/8c29cc4bce56818b442d261a1d67bcf1eae4409c7c4fcb771ed1ac589fb912a6?s=96&d=mm&r=g\",\"contentUrl\":\"https:\/\/secure.gravatar.com\/avatar\/8c29cc4bce56818b442d261a1d67bcf1eae4409c7c4fcb771ed1ac589fb912a6?s=96&d=mm&r=g\",\"caption\":\"Anna-Lena Moselewski\"},\"url\":\"https:\/\/ge-na-studie.net\/fr\/author\/annalenamo\/\"}]}<\/script>\n<!-- \/ Yoast SEO plugin. -->","yoast_head_json":{"title":"Podcast - Bildung f\u00fcr Transformation | Herzen &amp; Systeme - Glaube. Klima. Hoffnung.","robots":{"index":"index","follow":"follow","max-snippet":"max-snippet:-1","max-image-preview":"max-image-preview:large","max-video-preview":"max-video-preview:-1"},"canonical":"https:\/\/ge-na-studie.net\/fr\/podcast-bildung-fur-transformation\/","og_locale":"fr_FR","og_type":"article","og_title":"Podcast - Bildung f\u00fcr Transformation | Herzen &amp; Systeme - Glaube. Klima. Hoffnung.","og_description":"Transformation als Ziel bedeutet heute gesamtgesellschaftlich, aber auch in Kirche und Sozialer Arbeit, notwendig auch die Transformation zu einer sozial\u00f6kologisch gerechten und nachhaltigen Gesellschaft. Welche Rolle spielen hierf\u00fcr Bildungsprozesse und Lernorte? Hier\u00fcber unterh\u00e4lt sich Tobias K\u00fcnkler in dieser Folge mit Steffen Blauth und Anna-Lena Moselewski.","og_url":"https:\/\/ge-na-studie.net\/fr\/podcast-bildung-fur-transformation\/","og_site_name":"Glaube. Klima. Hoffnung.","article_published_time":"2024-08-29T14:58:53+00:00","article_modified_time":"2024-08-29T15:16:26+00:00","og_image":[{"width":2048,"height":2048,"url":"https:\/\/ge-na-studie.net\/wp-content\/uploads\/2024\/08\/herzen-und-systeme.jpeg","type":"image\/jpeg"}],"author":"Anna-Lena Moselewski","twitter_card":"summary_large_image","twitter_misc":{"\u00c9crit par":"Anna-Lena Moselewski","Dur\u00e9e de lecture estim\u00e9e":"2 minutes"},"schema":{"@context":"https:\/\/schema.org","@graph":[{"@type":"Article","@id":"https:\/\/ge-na-studie.net\/podcast-bildung-fur-transformation\/#article","isPartOf":{"@id":"https:\/\/ge-na-studie.net\/podcast-bildung-fur-transformation\/"},"author":{"name":"Anna-Lena Moselewski","@id":"https:\/\/ge-na-studie.net\/#\/schema\/person\/8ccf53c3a42949dc01b131bd0ac8f1b8"},"headline":"Podcast &#8211; Bildung f\u00fcr Transformation | Herzen &amp; Systeme","datePublished":"2024-08-29T14:58:53+00:00","dateModified":"2024-08-29T15:16:26+00:00","mainEntityOfPage":{"@id":"https:\/\/ge-na-studie.net\/podcast-bildung-fur-transformation\/"},"wordCount":147,"publisher":{"@id":"https:\/\/ge-na-studie.net\/#organization"},"image":{"@id":"https:\/\/ge-na-studie.net\/podcast-bildung-fur-transformation\/#primaryimage"},"thumbnailUrl":"https:\/\/ge-na-studie.net\/wp-content\/uploads\/2024\/08\/herzen-und-systeme.jpeg","articleSection":["Materialien","Podcasts"],"inLanguage":"fr-FR"},{"@type":"WebPage","@id":"https:\/\/ge-na-studie.net\/podcast-bildung-fur-transformation\/","url":"https:\/\/ge-na-studie.net\/podcast-bildung-fur-transformation\/","name":"Podcast - Bildung f\u00fcr Transformation | Herzen &amp; Systeme - Glaube. Klima. Hoffnung.","isPartOf":{"@id":"https:\/\/ge-na-studie.net\/#website"},"primaryImageOfPage":{"@id":"https:\/\/ge-na-studie.net\/podcast-bildung-fur-transformation\/#primaryimage"},"image":{"@id":"https:\/\/ge-na-studie.net\/podcast-bildung-fur-transformation\/#primaryimage"},"thumbnailUrl":"https:\/\/ge-na-studie.net\/wp-content\/uploads\/2024\/08\/herzen-und-systeme.jpeg","datePublished":"2024-08-29T14:58:53+00:00","dateModified":"2024-08-29T15:16:26+00:00","breadcrumb":{"@id":"https:\/\/ge-na-studie.net\/podcast-bildung-fur-transformation\/#breadcrumb"},"inLanguage":"fr-FR","potentialAction":[{"@type":"ReadAction","target":["https:\/\/ge-na-studie.net\/podcast-bildung-fur-transformation\/"]}]},{"@type":"ImageObject","inLanguage":"fr-FR","@id":"https:\/\/ge-na-studie.net\/podcast-bildung-fur-transformation\/#primaryimage","url":"https:\/\/ge-na-studie.net\/wp-content\/uploads\/2024\/08\/herzen-und-systeme.jpeg","contentUrl":"https:\/\/ge-na-studie.net\/wp-content\/uploads\/2024\/08\/herzen-und-systeme.jpeg","width":2048,"height":2048},{"@type":"BreadcrumbList","@id":"https:\/\/ge-na-studie.net\/podcast-bildung-fur-transformation\/#breadcrumb","itemListElement":[{"@type":"ListItem","position":1,"name":"Startseite","item":"https:\/\/ge-na-studie.net\/"},{"@type":"ListItem","position":2,"name":"Podcast &#8211; Bildung f\u00fcr Transformation | Herzen &amp; Systeme"}]},{"@type":"WebSite","@id":"https:\/\/ge-na-studie.net\/#website","url":"https:\/\/ge-na-studie.net\/","name":"Glaube. Klima. Hoffnung.","description":"Was Christinnen und Christen \u00fcber soziale Gerechtigkeit und \u00f6kologische Nachhaltigkeit denken.","publisher":{"@id":"https:\/\/ge-na-studie.net\/#organization"},"potentialAction":[{"@type":"SearchAction","target":{"@type":"EntryPoint","urlTemplate":"https:\/\/ge-na-studie.net\/?s={search_term_string}"},"query-input":{"@type":"PropertyValueSpecification","valueRequired":true,"valueName":"search_term_string"}}],"inLanguage":"fr-FR"},{"@type":"Organization","@id":"https:\/\/ge-na-studie.net\/#organization","name":"Die Ge-Na Studie","url":"https:\/\/ge-na-studie.net\/","logo":{"@type":"ImageObject","inLanguage":"fr-FR","@id":"https:\/\/ge-na-studie.net\/#\/schema\/logo\/image\/","url":"https:\/\/ge-na-studie.net\/wp-content\/uploads\/2023\/10\/Logo-Transparent-Background-PNG-file-e1703164434118.png","contentUrl":"https:\/\/ge-na-studie.net\/wp-content\/uploads\/2023\/10\/Logo-Transparent-Background-PNG-file-e1703164434118.png","width":885,"height":1017,"caption":"Die Ge-Na Studie"},"image":{"@id":"https:\/\/ge-na-studie.net\/#\/schema\/logo\/image\/"}},{"@type":"Person","@id":"https:\/\/ge-na-studie.net\/#\/schema\/person\/8ccf53c3a42949dc01b131bd0ac8f1b8","name":"Anna-Lena Moselewski","image":{"@type":"ImageObject","inLanguage":"fr-FR","@id":"https:\/\/ge-na-studie.net\/#\/schema\/person\/image\/","url":"https:\/\/secure.gravatar.com\/avatar\/8c29cc4bce56818b442d261a1d67bcf1eae4409c7c4fcb771ed1ac589fb912a6?s=96&d=mm&r=g","contentUrl":"https:\/\/secure.gravatar.com\/avatar\/8c29cc4bce56818b442d261a1d67bcf1eae4409c7c4fcb771ed1ac589fb912a6?s=96&d=mm&r=g","caption":"Anna-Lena Moselewski"},"url":"https:\/\/ge-na-studie.net\/fr\/author\/annalenamo\/"}]}},"_links":{"self":[{"href":"https:\/\/ge-na-studie.net\/fr\/wp-json\/wp\/v2\/posts\/3074","targetHints":{"allow":["GET"]}}],"collection":[{"href":"https:\/\/ge-na-studie.net\/fr\/wp-json\/wp\/v2\/posts"}],"about":[{"href":"https:\/\/ge-na-studie.net\/fr\/wp-json\/wp\/v2\/types\/post"}],"author":[{"embeddable":true,"href":"https:\/\/ge-na-studie.net\/fr\/wp-json\/wp\/v2\/users\/3"}],"replies":[{"embeddable":true,"href":"https:\/\/ge-na-studie.net\/fr\/wp-json\/wp\/v2\/comments?post=3074"}],"version-history":[{"count":4,"href":"https:\/\/ge-na-studie.net\/fr\/wp-json\/wp\/v2\/posts\/3074\/revisions"}],"predecessor-version":[{"id":3094,"href":"https:\/\/ge-na-studie.net\/fr\/wp-json\/wp\/v2\/posts\/3074\/revisions\/3094"}],"wp:featuredmedia":[{"embeddable":true,"href":"https:\/\/ge-na-studie.net\/fr\/wp-json\/wp\/v2\/media\/3075"}],"wp:attachment":[{"href":"https:\/\/ge-na-studie.net\/fr\/wp-json\/wp\/v2\/media?parent=3074"}],"wp:term":[{"taxonomy":"category","embeddable":true,"href":"https:\/\/ge-na-studie.net\/fr\/wp-json\/wp\/v2\/categories?post=3074"},{"taxonomy":"post_tag","embeddable":true,"href":"https:\/\/ge-na-studie.net\/fr\/wp-json\/wp\/v2\/tags?post=3074"}],"curies":[{"name":"wp","href":"https:\/\/api.w.org\/{rel}","templated":true}]}}