{"id":2998,"date":"2024-06-13T11:08:20","date_gmt":"2024-06-13T09:08:20","guid":{"rendered":"https:\/\/ge-na-studie.net\/?p=2998"},"modified":"2024-06-13T11:12:46","modified_gmt":"2024-06-13T09:12:46","slug":"podcast-ist-glaube-sozial-windhauch","status":"publish","type":"post","link":"https:\/\/ge-na-studie.net\/fr\/podcast-ist-glaube-sozial-windhauch\/","title":{"rendered":"Podcast &#8211; Ist Glaube sozial? | Windhauch"},"content":{"rendered":"<div data-elementor-type=\"wp-post\" data-elementor-id=\"2998\" class=\"elementor elementor-2998\" data-elementor-post-type=\"post\">\n\t\t\t\t<div class=\"elementor-element elementor-element-21cc6a0 e-flex e-con-boxed e-con e-parent\" data-id=\"21cc6a0\" data-element_type=\"container\">\n\t\t\t\t\t<div class=\"e-con-inner\">\n\t\t\t\t<div class=\"elementor-element elementor-element-c13206b elementor-widget elementor-widget-image\" data-id=\"c13206b\" data-element_type=\"widget\" data-widget_type=\"image.default\">\n\t\t\t\t<div class=\"elementor-widget-container\">\n\t\t\t\t\t\t\t\t\t\t\t\t\t<img fetchpriority=\"high\" decoding=\"async\" width=\"1024\" height=\"572\" src=\"https:\/\/ge-na-studie.net\/wp-content\/uploads\/2024\/06\/2024-06-13-11_10_06-Mindful-Worship-Impuls-Word-1024x572.png\" class=\"attachment-large size-large wp-image-2999\" alt=\"\" srcset=\"https:\/\/ge-na-studie.net\/wp-content\/uploads\/2024\/06\/2024-06-13-11_10_06-Mindful-Worship-Impuls-Word-1024x572.png 1024w, https:\/\/ge-na-studie.net\/wp-content\/uploads\/2024\/06\/2024-06-13-11_10_06-Mindful-Worship-Impuls-Word-300x167.png 300w, https:\/\/ge-na-studie.net\/wp-content\/uploads\/2024\/06\/2024-06-13-11_10_06-Mindful-Worship-Impuls-Word-768x429.png 768w, https:\/\/ge-na-studie.net\/wp-content\/uploads\/2024\/06\/2024-06-13-11_10_06-Mindful-Worship-Impuls-Word-1536x857.png 1536w, https:\/\/ge-na-studie.net\/wp-content\/uploads\/2024\/06\/2024-06-13-11_10_06-Mindful-Worship-Impuls-Word-18x10.png 18w, https:\/\/ge-na-studie.net\/wp-content\/uploads\/2024\/06\/2024-06-13-11_10_06-Mindful-Worship-Impuls-Word.png 1539w\" sizes=\"(max-width: 1024px) 100vw, 1024px\" \/>\t\t\t\t\t\t\t\t\t\t\t\t\t<\/div>\n\t\t\t\t<\/div>\n\t\t\t\t<div class=\"elementor-element elementor-element-a9b00fc elementor-widget elementor-widget-text-editor\" data-id=\"a9b00fc\" data-element_type=\"widget\" data-widget_type=\"text-editor.default\">\n\t\t\t\t<div class=\"elementor-widget-container\">\n\t\t\t\t\t\t\t<p>In dieser Episode spricht Tobias Sauer mit Anna Lena Moselewski, wissenschaftliche Mitarbeiterin an der CVJM-Hochschule in Kassel, \u00fcber die sozialen und \u00f6kologischen Dimensionen des Glaubens. Anna-Lena beleuchtet die Bedeutung von Sch\u00f6pfungsspiritualit\u00e4t und wie sie in das t\u00e4gliche Leben integriert werden kann, um nachhaltiges Handeln zu f\u00f6rdern. Sie ist Mitherausgeberin der Ge-Na Studie \u00b7 Glaube. Klima. Hoffnung. \u00b7 Was Christinnen und Christen \u00fcber Gerechtigkeit und Nachhaltigkeit denken.<\/p><p>Laut Anna-Lena Moselewski ist die Sch\u00f6pfungsspiritualit\u00e4t ein fundamentaler Bestandteil des Glaubens. Sie erkl\u00e4rt, dass diese Spiritualit\u00e4t Menschen dazu inspiriert, sich verantwortungsbewusster und nachhaltiger im Umgang mit der Umwelt zu verhalten.<\/p><p>In der Episode wird detailliert auf die Ergebnisse der Ge-Na Studie, die mit \u00fcber zweieinhalb tausend Christinnen und Christen in Deutschland und der Schweiz durchgef\u00fchrt worden ist, eingegangen. Die Ergebnisse zeigen eine hohe Zustimmung f\u00fcr soziale Gerechtigkeit und Umweltschutz im Glauben, obwohl oft eine Diskrepanz zwischen den Einstellungen und dem tats\u00e4chlichen Verhalten besteht, bekannt als \u201eKnowledge Action Gap\u201c.<\/p><p>Anna-Lena Moselewski betont, dass es wichtig ist, theoretische Prinzipien der Gerechtigkeit und Nachhaltigkeit aktiv in die Praxis von Gemeinden und kirchlichen Organisationen einzubringen. Sie pl\u00e4diert f\u00fcr eine st\u00e4rkere Verkn\u00fcpfung von sozialen und \u00f6kologischen Zielen mit den biblischen Lehren.<\/p>\t\t\t\t\t\t<\/div>\n\t\t\t\t<\/div>\n\t\t\t\t<div class=\"elementor-element elementor-element-4eda966 elementor-widget elementor-widget-button\" data-id=\"4eda966\" data-element_type=\"widget\" data-widget_type=\"button.default\">\n\t\t\t\t<div class=\"elementor-widget-container\">\n\t\t\t\t\t<div class=\"elementor-button-wrapper\">\n\t\t\t<a class=\"elementor-button elementor-button-link elementor-size-sm\" href=\"https:\/\/windhauch-windhauch-podcast.blogs.audiorella.com\/131-ist-glaube-sozial-mit-anna-lena-moselewski\" target=\"_blank\">\n\t\t\t\t\t\t<span class=\"elementor-button-content-wrapper\">\n\t\t\t\t\t\t\t\t\t<span class=\"elementor-button-text\">Hier geht's zum Podcast<\/span>\n\t\t\t\t\t<\/span>\n\t\t\t\t\t<\/a>\n\t\t<\/div>\n\t\t\t\t<\/div>\n\t\t\t\t<\/div>\n\t\t\t\t\t<\/div>\n\t\t\t\t<\/div>\n\t\t\t\t<\/div>","protected":false},"excerpt":{"rendered":"<p>In dieser Episode von Sch\u00f6ner Glauben sprechen Jason, Anna-Lena und Tobias \u00fcber eine Studie zu den Themen Glaube, Klima und Hoffnung. Die Studie wurde von der NGO Interaction in Deutschland und der Schweiz in Auftrag gegeben und untersucht die Einstellungen und Verhaltensweisen von hochreligi\u00f6sen Menschen in Bezug auf soziale Gerechtigkeit und \u00f6kologische Nachhaltigkeit<\/p>","protected":false},"author":3,"featured_media":2999,"comment_status":"closed","ping_status":"open","sticky":false,"template":"","format":"standard","meta":{"_monsterinsights_skip_tracking":false,"_monsterinsights_sitenote_active":false,"_monsterinsights_sitenote_note":"","_monsterinsights_sitenote_category":0,"ocean_post_layout":"full-screen","ocean_both_sidebars_style":"","ocean_both_sidebars_content_width":0,"ocean_both_sidebars_sidebars_width":0,"ocean_sidebar":"","ocean_second_sidebar":"","ocean_disable_margins":"enable","ocean_add_body_class":"","ocean_shortcode_before_top_bar":"","ocean_shortcode_after_top_bar":"","ocean_shortcode_before_header":"","ocean_shortcode_after_header":"","ocean_has_shortcode":"","ocean_shortcode_after_title":"","ocean_shortcode_before_footer_widgets":"","ocean_shortcode_after_footer_widgets":"","ocean_shortcode_before_footer_bottom":"","ocean_shortcode_after_footer_bottom":"","ocean_display_top_bar":"default","ocean_display_header":"default","ocean_header_style":"","ocean_center_header_left_menu":"","ocean_custom_header_template":"","ocean_custom_logo":0,"ocean_custom_retina_logo":0,"ocean_custom_logo_max_width":0,"ocean_custom_logo_tablet_max_width":0,"ocean_custom_logo_mobile_max_width":0,"ocean_custom_logo_max_height":0,"ocean_custom_logo_tablet_max_height":0,"ocean_custom_logo_mobile_max_height":0,"ocean_header_custom_menu":"","ocean_menu_typo_font_family":"","ocean_menu_typo_font_subset":"","ocean_menu_typo_font_size":0,"ocean_menu_typo_font_size_tablet":0,"ocean_menu_typo_font_size_mobile":0,"ocean_menu_typo_font_size_unit":"px","ocean_menu_typo_font_weight":"","ocean_menu_typo_font_weight_tablet":"","ocean_menu_typo_font_weight_mobile":"","ocean_menu_typo_transform":"","ocean_menu_typo_transform_tablet":"","ocean_menu_typo_transform_mobile":"","ocean_menu_typo_line_height":0,"ocean_menu_typo_line_height_tablet":0,"ocean_menu_typo_line_height_mobile":0,"ocean_menu_typo_line_height_unit":"","ocean_menu_typo_spacing":0,"ocean_menu_typo_spacing_tablet":0,"ocean_menu_typo_spacing_mobile":0,"ocean_menu_typo_spacing_unit":"","ocean_menu_link_color":"","ocean_menu_link_color_hover":"","ocean_menu_link_color_active":"","ocean_menu_link_background":"","ocean_menu_link_hover_background":"","ocean_menu_link_active_background":"","ocean_menu_social_links_bg":"","ocean_menu_social_hover_links_bg":"","ocean_menu_social_links_color":"","ocean_menu_social_hover_links_color":"","ocean_disable_title":"on","ocean_disable_heading":"default","ocean_post_title":"","ocean_post_subheading":"","ocean_post_title_style":"","ocean_post_title_background_color":"","ocean_post_title_background":0,"ocean_post_title_bg_image_position":"","ocean_post_title_bg_image_attachment":"","ocean_post_title_bg_image_repeat":"","ocean_post_title_bg_image_size":"","ocean_post_title_height":0,"ocean_post_title_bg_overlay":0.5,"ocean_post_title_bg_overlay_color":"","ocean_disable_breadcrumbs":"default","ocean_breadcrumbs_color":"","ocean_breadcrumbs_separator_color":"","ocean_breadcrumbs_links_color":"","ocean_breadcrumbs_links_hover_color":"","ocean_display_footer_widgets":"off","ocean_display_footer_bottom":"off","ocean_custom_footer_template":"","ocean_post_oembed":"","ocean_post_self_hosted_media":"","ocean_post_video_embed":"","ocean_link_format":"","ocean_link_format_target":"self","ocean_quote_format":"","ocean_quote_format_link":"post","ocean_gallery_link_images":"on","ocean_gallery_id":[],"footnotes":""},"categories":[17,19],"tags":[],"class_list":["post-2998","post","type-post","status-publish","format-standard","has-post-thumbnail","hentry","category-materialien","category-podcasts","entry","has-media"],"yoast_head":"<!-- This site is optimized with the Yoast SEO plugin v23.6 - https:\/\/yoast.com\/wordpress\/plugins\/seo\/ -->\n<title>Podcast - Ist Glaube sozial? | Windhauch - Glaube. Klima. Hoffnung.<\/title>\n<meta name=\"robots\" content=\"index, follow, max-snippet:-1, max-image-preview:large, max-video-preview:-1\" \/>\n<link rel=\"canonical\" href=\"https:\/\/ge-na-studie.net\/fr\/podcast-ist-glaube-sozial-windhauch\/\" \/>\n<meta property=\"og:locale\" content=\"fr_FR\" \/>\n<meta property=\"og:type\" content=\"article\" \/>\n<meta property=\"og:title\" content=\"Podcast - Ist Glaube sozial? | Windhauch - Glaube. Klima. Hoffnung.\" \/>\n<meta property=\"og:description\" content=\"In dieser Episode von Sch\u00f6ner Glauben sprechen Jason, Anna-Lena und Tobias \u00fcber eine Studie zu den Themen Glaube, Klima und Hoffnung. Die Studie wurde von der NGO Interaction in Deutschland und der Schweiz in Auftrag gegeben und untersucht die Einstellungen und Verhaltensweisen von hochreligi\u00f6sen Menschen in Bezug auf soziale Gerechtigkeit und \u00f6kologische Nachhaltigkeit\" \/>\n<meta property=\"og:url\" content=\"https:\/\/ge-na-studie.net\/fr\/podcast-ist-glaube-sozial-windhauch\/\" \/>\n<meta property=\"og:site_name\" content=\"Glaube. Klima. Hoffnung.\" \/>\n<meta property=\"article:published_time\" content=\"2024-06-13T09:08:20+00:00\" \/>\n<meta property=\"article:modified_time\" content=\"2024-06-13T09:12:46+00:00\" \/>\n<meta property=\"og:image\" content=\"https:\/\/ge-na-studie.net\/wp-content\/uploads\/2024\/06\/2024-06-13-11_10_06-Mindful-Worship-Impuls-Word.png\" \/>\n\t<meta property=\"og:image:width\" content=\"1539\" \/>\n\t<meta property=\"og:image:height\" content=\"859\" \/>\n\t<meta property=\"og:image:type\" content=\"image\/png\" \/>\n<meta name=\"author\" content=\"Anna-Lena Moselewski\" \/>\n<meta name=\"twitter:card\" content=\"summary_large_image\" \/>\n<meta name=\"twitter:label1\" content=\"\u00c9crit par\" \/>\n\t<meta name=\"twitter:data1\" content=\"Anna-Lena Moselewski\" \/>\n\t<meta name=\"twitter:label2\" content=\"Dur\u00e9e de lecture estim\u00e9e\" \/>\n\t<meta name=\"twitter:data2\" content=\"2 minutes\" \/>\n<script type=\"application\/ld+json\" class=\"yoast-schema-graph\">{\"@context\":\"https:\/\/schema.org\",\"@graph\":[{\"@type\":\"Article\",\"@id\":\"https:\/\/ge-na-studie.net\/podcast-ist-glaube-sozial-windhauch\/#article\",\"isPartOf\":{\"@id\":\"https:\/\/ge-na-studie.net\/podcast-ist-glaube-sozial-windhauch\/\"},\"author\":{\"name\":\"Anna-Lena Moselewski\",\"@id\":\"https:\/\/ge-na-studie.net\/#\/schema\/person\/8ccf53c3a42949dc01b131bd0ac8f1b8\"},\"headline\":\"Podcast &#8211; Ist Glaube sozial? | Windhauch\",\"datePublished\":\"2024-06-13T09:08:20+00:00\",\"dateModified\":\"2024-06-13T09:12:46+00:00\",\"mainEntityOfPage\":{\"@id\":\"https:\/\/ge-na-studie.net\/podcast-ist-glaube-sozial-windhauch\/\"},\"wordCount\":216,\"publisher\":{\"@id\":\"https:\/\/ge-na-studie.net\/#organization\"},\"image\":{\"@id\":\"https:\/\/ge-na-studie.net\/podcast-ist-glaube-sozial-windhauch\/#primaryimage\"},\"thumbnailUrl\":\"https:\/\/ge-na-studie.net\/wp-content\/uploads\/2024\/06\/2024-06-13-11_10_06-Mindful-Worship-Impuls-Word.png\",\"articleSection\":[\"Materialien\",\"Podcasts\"],\"inLanguage\":\"fr-FR\"},{\"@type\":\"WebPage\",\"@id\":\"https:\/\/ge-na-studie.net\/podcast-ist-glaube-sozial-windhauch\/\",\"url\":\"https:\/\/ge-na-studie.net\/podcast-ist-glaube-sozial-windhauch\/\",\"name\":\"Podcast - Ist Glaube sozial? | Windhauch - Glaube. Klima. Hoffnung.\",\"isPartOf\":{\"@id\":\"https:\/\/ge-na-studie.net\/#website\"},\"primaryImageOfPage\":{\"@id\":\"https:\/\/ge-na-studie.net\/podcast-ist-glaube-sozial-windhauch\/#primaryimage\"},\"image\":{\"@id\":\"https:\/\/ge-na-studie.net\/podcast-ist-glaube-sozial-windhauch\/#primaryimage\"},\"thumbnailUrl\":\"https:\/\/ge-na-studie.net\/wp-content\/uploads\/2024\/06\/2024-06-13-11_10_06-Mindful-Worship-Impuls-Word.png\",\"datePublished\":\"2024-06-13T09:08:20+00:00\",\"dateModified\":\"2024-06-13T09:12:46+00:00\",\"breadcrumb\":{\"@id\":\"https:\/\/ge-na-studie.net\/podcast-ist-glaube-sozial-windhauch\/#breadcrumb\"},\"inLanguage\":\"fr-FR\",\"potentialAction\":[{\"@type\":\"ReadAction\",\"target\":[\"https:\/\/ge-na-studie.net\/podcast-ist-glaube-sozial-windhauch\/\"]}]},{\"@type\":\"ImageObject\",\"inLanguage\":\"fr-FR\",\"@id\":\"https:\/\/ge-na-studie.net\/podcast-ist-glaube-sozial-windhauch\/#primaryimage\",\"url\":\"https:\/\/ge-na-studie.net\/wp-content\/uploads\/2024\/06\/2024-06-13-11_10_06-Mindful-Worship-Impuls-Word.png\",\"contentUrl\":\"https:\/\/ge-na-studie.net\/wp-content\/uploads\/2024\/06\/2024-06-13-11_10_06-Mindful-Worship-Impuls-Word.png\",\"width\":1539,\"height\":859},{\"@type\":\"BreadcrumbList\",\"@id\":\"https:\/\/ge-na-studie.net\/podcast-ist-glaube-sozial-windhauch\/#breadcrumb\",\"itemListElement\":[{\"@type\":\"ListItem\",\"position\":1,\"name\":\"Startseite\",\"item\":\"https:\/\/ge-na-studie.net\/\"},{\"@type\":\"ListItem\",\"position\":2,\"name\":\"Podcast &#8211; Ist Glaube sozial? | Windhauch\"}]},{\"@type\":\"WebSite\",\"@id\":\"https:\/\/ge-na-studie.net\/#website\",\"url\":\"https:\/\/ge-na-studie.net\/\",\"name\":\"Glaube. Klima. Hoffnung.\",\"description\":\"Was Christinnen und Christen \u00fcber soziale Gerechtigkeit und \u00f6kologische Nachhaltigkeit denken.\",\"publisher\":{\"@id\":\"https:\/\/ge-na-studie.net\/#organization\"},\"potentialAction\":[{\"@type\":\"SearchAction\",\"target\":{\"@type\":\"EntryPoint\",\"urlTemplate\":\"https:\/\/ge-na-studie.net\/?s={search_term_string}\"},\"query-input\":{\"@type\":\"PropertyValueSpecification\",\"valueRequired\":true,\"valueName\":\"search_term_string\"}}],\"inLanguage\":\"fr-FR\"},{\"@type\":\"Organization\",\"@id\":\"https:\/\/ge-na-studie.net\/#organization\",\"name\":\"Die Ge-Na Studie\",\"url\":\"https:\/\/ge-na-studie.net\/\",\"logo\":{\"@type\":\"ImageObject\",\"inLanguage\":\"fr-FR\",\"@id\":\"https:\/\/ge-na-studie.net\/#\/schema\/logo\/image\/\",\"url\":\"https:\/\/ge-na-studie.net\/wp-content\/uploads\/2023\/10\/Logo-Transparent-Background-PNG-file-e1703164434118.png\",\"contentUrl\":\"https:\/\/ge-na-studie.net\/wp-content\/uploads\/2023\/10\/Logo-Transparent-Background-PNG-file-e1703164434118.png\",\"width\":885,\"height\":1017,\"caption\":\"Die Ge-Na Studie\"},\"image\":{\"@id\":\"https:\/\/ge-na-studie.net\/#\/schema\/logo\/image\/\"}},{\"@type\":\"Person\",\"@id\":\"https:\/\/ge-na-studie.net\/#\/schema\/person\/8ccf53c3a42949dc01b131bd0ac8f1b8\",\"name\":\"Anna-Lena Moselewski\",\"image\":{\"@type\":\"ImageObject\",\"inLanguage\":\"fr-FR\",\"@id\":\"https:\/\/ge-na-studie.net\/#\/schema\/person\/image\/\",\"url\":\"https:\/\/secure.gravatar.com\/avatar\/8c29cc4bce56818b442d261a1d67bcf1eae4409c7c4fcb771ed1ac589fb912a6?s=96&d=mm&r=g\",\"contentUrl\":\"https:\/\/secure.gravatar.com\/avatar\/8c29cc4bce56818b442d261a1d67bcf1eae4409c7c4fcb771ed1ac589fb912a6?s=96&d=mm&r=g\",\"caption\":\"Anna-Lena Moselewski\"},\"url\":\"https:\/\/ge-na-studie.net\/fr\/author\/annalenamo\/\"}]}<\/script>\n<!-- \/ Yoast SEO plugin. -->","yoast_head_json":{"title":"Podcast - Ist Glaube sozial? | Windhauch - Glaube. Klima. Hoffnung.","robots":{"index":"index","follow":"follow","max-snippet":"max-snippet:-1","max-image-preview":"max-image-preview:large","max-video-preview":"max-video-preview:-1"},"canonical":"https:\/\/ge-na-studie.net\/fr\/podcast-ist-glaube-sozial-windhauch\/","og_locale":"fr_FR","og_type":"article","og_title":"Podcast - Ist Glaube sozial? | Windhauch - Glaube. Klima. Hoffnung.","og_description":"In dieser Episode von Sch\u00f6ner Glauben sprechen Jason, Anna-Lena und Tobias \u00fcber eine Studie zu den Themen Glaube, Klima und Hoffnung. Die Studie wurde von der NGO Interaction in Deutschland und der Schweiz in Auftrag gegeben und untersucht die Einstellungen und Verhaltensweisen von hochreligi\u00f6sen Menschen in Bezug auf soziale Gerechtigkeit und \u00f6kologische Nachhaltigkeit","og_url":"https:\/\/ge-na-studie.net\/fr\/podcast-ist-glaube-sozial-windhauch\/","og_site_name":"Glaube. Klima. Hoffnung.","article_published_time":"2024-06-13T09:08:20+00:00","article_modified_time":"2024-06-13T09:12:46+00:00","og_image":[{"width":1539,"height":859,"url":"https:\/\/ge-na-studie.net\/wp-content\/uploads\/2024\/06\/2024-06-13-11_10_06-Mindful-Worship-Impuls-Word.png","type":"image\/png"}],"author":"Anna-Lena Moselewski","twitter_card":"summary_large_image","twitter_misc":{"\u00c9crit par":"Anna-Lena Moselewski","Dur\u00e9e de lecture estim\u00e9e":"2 minutes"},"schema":{"@context":"https:\/\/schema.org","@graph":[{"@type":"Article","@id":"https:\/\/ge-na-studie.net\/podcast-ist-glaube-sozial-windhauch\/#article","isPartOf":{"@id":"https:\/\/ge-na-studie.net\/podcast-ist-glaube-sozial-windhauch\/"},"author":{"name":"Anna-Lena Moselewski","@id":"https:\/\/ge-na-studie.net\/#\/schema\/person\/8ccf53c3a42949dc01b131bd0ac8f1b8"},"headline":"Podcast &#8211; Ist Glaube sozial? | Windhauch","datePublished":"2024-06-13T09:08:20+00:00","dateModified":"2024-06-13T09:12:46+00:00","mainEntityOfPage":{"@id":"https:\/\/ge-na-studie.net\/podcast-ist-glaube-sozial-windhauch\/"},"wordCount":216,"publisher":{"@id":"https:\/\/ge-na-studie.net\/#organization"},"image":{"@id":"https:\/\/ge-na-studie.net\/podcast-ist-glaube-sozial-windhauch\/#primaryimage"},"thumbnailUrl":"https:\/\/ge-na-studie.net\/wp-content\/uploads\/2024\/06\/2024-06-13-11_10_06-Mindful-Worship-Impuls-Word.png","articleSection":["Materialien","Podcasts"],"inLanguage":"fr-FR"},{"@type":"WebPage","@id":"https:\/\/ge-na-studie.net\/podcast-ist-glaube-sozial-windhauch\/","url":"https:\/\/ge-na-studie.net\/podcast-ist-glaube-sozial-windhauch\/","name":"Podcast - Ist Glaube sozial? | Windhauch - Glaube. Klima. Hoffnung.","isPartOf":{"@id":"https:\/\/ge-na-studie.net\/#website"},"primaryImageOfPage":{"@id":"https:\/\/ge-na-studie.net\/podcast-ist-glaube-sozial-windhauch\/#primaryimage"},"image":{"@id":"https:\/\/ge-na-studie.net\/podcast-ist-glaube-sozial-windhauch\/#primaryimage"},"thumbnailUrl":"https:\/\/ge-na-studie.net\/wp-content\/uploads\/2024\/06\/2024-06-13-11_10_06-Mindful-Worship-Impuls-Word.png","datePublished":"2024-06-13T09:08:20+00:00","dateModified":"2024-06-13T09:12:46+00:00","breadcrumb":{"@id":"https:\/\/ge-na-studie.net\/podcast-ist-glaube-sozial-windhauch\/#breadcrumb"},"inLanguage":"fr-FR","potentialAction":[{"@type":"ReadAction","target":["https:\/\/ge-na-studie.net\/podcast-ist-glaube-sozial-windhauch\/"]}]},{"@type":"ImageObject","inLanguage":"fr-FR","@id":"https:\/\/ge-na-studie.net\/podcast-ist-glaube-sozial-windhauch\/#primaryimage","url":"https:\/\/ge-na-studie.net\/wp-content\/uploads\/2024\/06\/2024-06-13-11_10_06-Mindful-Worship-Impuls-Word.png","contentUrl":"https:\/\/ge-na-studie.net\/wp-content\/uploads\/2024\/06\/2024-06-13-11_10_06-Mindful-Worship-Impuls-Word.png","width":1539,"height":859},{"@type":"BreadcrumbList","@id":"https:\/\/ge-na-studie.net\/podcast-ist-glaube-sozial-windhauch\/#breadcrumb","itemListElement":[{"@type":"ListItem","position":1,"name":"Startseite","item":"https:\/\/ge-na-studie.net\/"},{"@type":"ListItem","position":2,"name":"Podcast &#8211; Ist Glaube sozial? | Windhauch"}]},{"@type":"WebSite","@id":"https:\/\/ge-na-studie.net\/#website","url":"https:\/\/ge-na-studie.net\/","name":"Glaube. Klima. Hoffnung.","description":"Was Christinnen und Christen \u00fcber soziale Gerechtigkeit und \u00f6kologische Nachhaltigkeit denken.","publisher":{"@id":"https:\/\/ge-na-studie.net\/#organization"},"potentialAction":[{"@type":"SearchAction","target":{"@type":"EntryPoint","urlTemplate":"https:\/\/ge-na-studie.net\/?s={search_term_string}"},"query-input":{"@type":"PropertyValueSpecification","valueRequired":true,"valueName":"search_term_string"}}],"inLanguage":"fr-FR"},{"@type":"Organization","@id":"https:\/\/ge-na-studie.net\/#organization","name":"Die Ge-Na Studie","url":"https:\/\/ge-na-studie.net\/","logo":{"@type":"ImageObject","inLanguage":"fr-FR","@id":"https:\/\/ge-na-studie.net\/#\/schema\/logo\/image\/","url":"https:\/\/ge-na-studie.net\/wp-content\/uploads\/2023\/10\/Logo-Transparent-Background-PNG-file-e1703164434118.png","contentUrl":"https:\/\/ge-na-studie.net\/wp-content\/uploads\/2023\/10\/Logo-Transparent-Background-PNG-file-e1703164434118.png","width":885,"height":1017,"caption":"Die Ge-Na Studie"},"image":{"@id":"https:\/\/ge-na-studie.net\/#\/schema\/logo\/image\/"}},{"@type":"Person","@id":"https:\/\/ge-na-studie.net\/#\/schema\/person\/8ccf53c3a42949dc01b131bd0ac8f1b8","name":"Anna-Lena Moselewski","image":{"@type":"ImageObject","inLanguage":"fr-FR","@id":"https:\/\/ge-na-studie.net\/#\/schema\/person\/image\/","url":"https:\/\/secure.gravatar.com\/avatar\/8c29cc4bce56818b442d261a1d67bcf1eae4409c7c4fcb771ed1ac589fb912a6?s=96&d=mm&r=g","contentUrl":"https:\/\/secure.gravatar.com\/avatar\/8c29cc4bce56818b442d261a1d67bcf1eae4409c7c4fcb771ed1ac589fb912a6?s=96&d=mm&r=g","caption":"Anna-Lena Moselewski"},"url":"https:\/\/ge-na-studie.net\/fr\/author\/annalenamo\/"}]}},"_links":{"self":[{"href":"https:\/\/ge-na-studie.net\/fr\/wp-json\/wp\/v2\/posts\/2998","targetHints":{"allow":["GET"]}}],"collection":[{"href":"https:\/\/ge-na-studie.net\/fr\/wp-json\/wp\/v2\/posts"}],"about":[{"href":"https:\/\/ge-na-studie.net\/fr\/wp-json\/wp\/v2\/types\/post"}],"author":[{"embeddable":true,"href":"https:\/\/ge-na-studie.net\/fr\/wp-json\/wp\/v2\/users\/3"}],"replies":[{"embeddable":true,"href":"https:\/\/ge-na-studie.net\/fr\/wp-json\/wp\/v2\/comments?post=2998"}],"version-history":[{"count":4,"href":"https:\/\/ge-na-studie.net\/fr\/wp-json\/wp\/v2\/posts\/2998\/revisions"}],"predecessor-version":[{"id":3003,"href":"https:\/\/ge-na-studie.net\/fr\/wp-json\/wp\/v2\/posts\/2998\/revisions\/3003"}],"wp:featuredmedia":[{"embeddable":true,"href":"https:\/\/ge-na-studie.net\/fr\/wp-json\/wp\/v2\/media\/2999"}],"wp:attachment":[{"href":"https:\/\/ge-na-studie.net\/fr\/wp-json\/wp\/v2\/media?parent=2998"}],"wp:term":[{"taxonomy":"category","embeddable":true,"href":"https:\/\/ge-na-studie.net\/fr\/wp-json\/wp\/v2\/categories?post=2998"},{"taxonomy":"post_tag","embeddable":true,"href":"https:\/\/ge-na-studie.net\/fr\/wp-json\/wp\/v2\/tags?post=2998"}],"curies":[{"name":"wp","href":"https:\/\/api.w.org\/{rel}","templated":true}]}}