{"id":2698,"date":"2024-05-28T14:38:22","date_gmt":"2024-05-28T12:38:22","guid":{"rendered":"https:\/\/ge-na-studie.net\/?p=2698"},"modified":"2024-06-03T09:39:10","modified_gmt":"2024-06-03T07:39:10","slug":"podcast-erf-ch","status":"publish","type":"post","link":"https:\/\/ge-na-studie.net\/fr\/podcast-erf-ch\/","title":{"rendered":"Podcast: ERF.ch | Nachhaltig leben, gerecht handeln"},"content":{"rendered":"<div data-elementor-type=\"wp-post\" data-elementor-id=\"2698\" class=\"elementor elementor-2698\" data-elementor-post-type=\"post\">\n\t\t\t\t<div class=\"elementor-element elementor-element-21cc6a0 e-flex e-con-boxed e-con e-parent\" data-id=\"21cc6a0\" data-element_type=\"container\">\n\t\t\t\t\t<div class=\"e-con-inner\">\n\t\t\t\t<div class=\"elementor-element elementor-element-7fb2aae elementor-widget elementor-widget-image\" data-id=\"7fb2aae\" data-element_type=\"widget\" data-widget_type=\"image.default\">\n\t\t\t\t<div class=\"elementor-widget-container\">\n\t\t\t\t\t\t\t\t\t\t\t\t\t<img fetchpriority=\"high\" decoding=\"async\" width=\"400\" height=\"400\" src=\"https:\/\/ge-na-studie.net\/wp-content\/uploads\/2024\/05\/erf.jpg\" class=\"attachment-large size-large wp-image-2701\" alt=\"\" srcset=\"https:\/\/ge-na-studie.net\/wp-content\/uploads\/2024\/05\/erf.jpg 400w, https:\/\/ge-na-studie.net\/wp-content\/uploads\/2024\/05\/erf-300x300.jpg 300w, https:\/\/ge-na-studie.net\/wp-content\/uploads\/2024\/05\/erf-150x150.jpg 150w, https:\/\/ge-na-studie.net\/wp-content\/uploads\/2024\/05\/erf-12x12.jpg 12w\" sizes=\"(max-width: 400px) 100vw, 400px\" \/>\t\t\t\t\t\t\t\t\t\t\t\t\t<\/div>\n\t\t\t\t<\/div>\n\t\t\t\t<div class=\"elementor-element elementor-element-a9b00fc elementor-widget elementor-widget-text-editor\" data-id=\"a9b00fc\" data-element_type=\"widget\" data-widget_type=\"text-editor.default\">\n\t\t\t\t<div class=\"elementor-widget-container\">\n\t\t\t\t\t\t\t<div class=\"panels single-panel episode-info-open\"><div class=\"single-panel episode-info\"><h3 class=\"episode-title first-child\" tabindex=\"0\">Nachhaltig leben, gerecht handeln \u2013 macht der Glaube einen Unterschied?<\/h3><p>Gerecht handeln, nachhaltig leben \u2013 zwei gro\u00dfe Themen, die unsere Gesellschaft bewegen und herausfordern. Doch: Wie stehen eigentlich Christinnen und Christen dazu? Denken sie sozialer und gr\u00fcner, weil sie der Glaube an Gott dazu motiviert? Und werden diese Themen auch von der Kanzel gepredigt?<\/p><p>Host Joni Merz w\u00fchlt sich in dieser Episode von der Theorie bis zur Praxis. Er bespricht die Studie mit den Verantwortlichen, fragt bei der Kirche nach und liefert praktische Beispiele, wie die beiden Megathemen einen Sitz im Alltag finden k\u00f6nnen.<\/p><p><strong>Zu h\u00f6ren in dieser Folge:<\/strong><\/p><ul><li>Tobias Faix, Professor f\u00fcr praktische Theologie, Leiter Ge-Na Studie<\/li><li>Anna-Lena Moselewski, wissenschaftliche Mitarbeiterin, Co-Leiterin Ge-Na-Studie<\/li><li>Rita Famos, Pr\u00e4sidentin der evangelisch-reformierten Kirche Schweiz<\/li><li>Esther Thorens, Botschafterin International Justice Mission IJM<\/li><li>Lukas Gerber, Projektleiter StopArmut<\/li><\/ul><\/div><\/div><div class=\"footer\"><div class=\"footer-right\"><div class=\"buttons\">\u00a0<\/div><\/div><\/div>\t\t\t\t\t\t<\/div>\n\t\t\t\t<\/div>\n\t\t\t\t<div class=\"elementor-element elementor-element-4eda966 elementor-widget elementor-widget-button\" data-id=\"4eda966\" data-element_type=\"widget\" data-widget_type=\"button.default\">\n\t\t\t\t<div class=\"elementor-widget-container\">\n\t\t\t\t\t<div class=\"elementor-button-wrapper\">\n\t\t\t<a class=\"elementor-button elementor-button-link elementor-size-sm\" href=\"\" target=\"_blank\">\n\t\t\t\t\t\t<span class=\"elementor-button-content-wrapper\">\n\t\t\t\t\t\t\t\t\t<span class=\"elementor-button-text\">Hier geht's direkt zum Podcast von ERF.ch<\/span>\n\t\t\t\t\t<\/span>\n\t\t\t\t\t<\/a>\n\t\t<\/div>\n\t\t\t\t<\/div>\n\t\t\t\t<\/div>\n\t\t\t\t\t<\/div>\n\t\t\t\t<\/div>\n\t\t\t\t<\/div>","protected":false},"excerpt":{"rendered":"<p>Host Joni Merz w\u00fchlt sich in dieser Episode von der Theorie bis zur Praxis. Er bespricht die Studie mit den Verantwortlichen, fragt bei der Kirche nach und liefert praktische Beispiele, wie die beiden Megathemen Nachhaltigkeit und Gerechtigkeit einen Sitz im Alltag finden k\u00f6nnen.<\/p>","protected":false},"author":3,"featured_media":2701,"comment_status":"closed","ping_status":"open","sticky":false,"template":"","format":"standard","meta":{"_monsterinsights_skip_tracking":false,"_monsterinsights_sitenote_active":false,"_monsterinsights_sitenote_note":"","_monsterinsights_sitenote_category":0,"ocean_post_layout":"full-screen","ocean_both_sidebars_style":"","ocean_both_sidebars_content_width":0,"ocean_both_sidebars_sidebars_width":0,"ocean_sidebar":"","ocean_second_sidebar":"","ocean_disable_margins":"enable","ocean_add_body_class":"","ocean_shortcode_before_top_bar":"","ocean_shortcode_after_top_bar":"","ocean_shortcode_before_header":"","ocean_shortcode_after_header":"","ocean_has_shortcode":"","ocean_shortcode_after_title":"","ocean_shortcode_before_footer_widgets":"","ocean_shortcode_after_footer_widgets":"","ocean_shortcode_before_footer_bottom":"","ocean_shortcode_after_footer_bottom":"","ocean_display_top_bar":"default","ocean_display_header":"default","ocean_header_style":"","ocean_center_header_left_menu":"","ocean_custom_header_template":"","ocean_custom_logo":0,"ocean_custom_retina_logo":0,"ocean_custom_logo_max_width":0,"ocean_custom_logo_tablet_max_width":0,"ocean_custom_logo_mobile_max_width":0,"ocean_custom_logo_max_height":0,"ocean_custom_logo_tablet_max_height":0,"ocean_custom_logo_mobile_max_height":0,"ocean_header_custom_menu":"","ocean_menu_typo_font_family":"","ocean_menu_typo_font_subset":"","ocean_menu_typo_font_size":0,"ocean_menu_typo_font_size_tablet":0,"ocean_menu_typo_font_size_mobile":0,"ocean_menu_typo_font_size_unit":"px","ocean_menu_typo_font_weight":"","ocean_menu_typo_font_weight_tablet":"","ocean_menu_typo_font_weight_mobile":"","ocean_menu_typo_transform":"","ocean_menu_typo_transform_tablet":"","ocean_menu_typo_transform_mobile":"","ocean_menu_typo_line_height":0,"ocean_menu_typo_line_height_tablet":0,"ocean_menu_typo_line_height_mobile":0,"ocean_menu_typo_line_height_unit":"","ocean_menu_typo_spacing":0,"ocean_menu_typo_spacing_tablet":0,"ocean_menu_typo_spacing_mobile":0,"ocean_menu_typo_spacing_unit":"","ocean_menu_link_color":"","ocean_menu_link_color_hover":"","ocean_menu_link_color_active":"","ocean_menu_link_background":"","ocean_menu_link_hover_background":"","ocean_menu_link_active_background":"","ocean_menu_social_links_bg":"","ocean_menu_social_hover_links_bg":"","ocean_menu_social_links_color":"","ocean_menu_social_hover_links_color":"","ocean_disable_title":"on","ocean_disable_heading":"default","ocean_post_title":"","ocean_post_subheading":"","ocean_post_title_style":"","ocean_post_title_background_color":"","ocean_post_title_background":0,"ocean_post_title_bg_image_position":"","ocean_post_title_bg_image_attachment":"","ocean_post_title_bg_image_repeat":"","ocean_post_title_bg_image_size":"","ocean_post_title_height":0,"ocean_post_title_bg_overlay":0.5,"ocean_post_title_bg_overlay_color":"","ocean_disable_breadcrumbs":"default","ocean_breadcrumbs_color":"","ocean_breadcrumbs_separator_color":"","ocean_breadcrumbs_links_color":"","ocean_breadcrumbs_links_hover_color":"","ocean_display_footer_widgets":"off","ocean_display_footer_bottom":"off","ocean_custom_footer_template":"","ocean_post_oembed":"","ocean_post_self_hosted_media":"","ocean_post_video_embed":"","ocean_link_format":"","ocean_link_format_target":"self","ocean_quote_format":"","ocean_quote_format_link":"post","ocean_gallery_link_images":"on","ocean_gallery_id":[],"footnotes":""},"categories":[17,19],"tags":[],"class_list":["post-2698","post","type-post","status-publish","format-standard","has-post-thumbnail","hentry","category-materialien","category-podcasts","entry","has-media"],"yoast_head":"<!-- This site is optimized with the Yoast SEO plugin v23.6 - https:\/\/yoast.com\/wordpress\/plugins\/seo\/ -->\n<title>Podcast: ERF.ch | Nachhaltig leben, gerecht handeln - Glaube. Klima. Hoffnung.<\/title>\n<meta name=\"robots\" content=\"index, follow, max-snippet:-1, max-image-preview:large, max-video-preview:-1\" \/>\n<link rel=\"canonical\" href=\"https:\/\/ge-na-studie.net\/fr\/podcast-erf-ch\/\" \/>\n<meta property=\"og:locale\" content=\"fr_FR\" \/>\n<meta property=\"og:type\" content=\"article\" \/>\n<meta property=\"og:title\" content=\"Podcast: ERF.ch | Nachhaltig leben, gerecht handeln - Glaube. Klima. Hoffnung.\" \/>\n<meta property=\"og:description\" content=\"Host Joni Merz w\u00fchlt sich in dieser Episode von der Theorie bis zur Praxis. Er bespricht die Studie mit den Verantwortlichen, fragt bei der Kirche nach und liefert praktische Beispiele, wie die beiden Megathemen Nachhaltigkeit und Gerechtigkeit einen Sitz im Alltag finden k\u00f6nnen.\" \/>\n<meta property=\"og:url\" content=\"https:\/\/ge-na-studie.net\/fr\/podcast-erf-ch\/\" \/>\n<meta property=\"og:site_name\" content=\"Glaube. Klima. Hoffnung.\" \/>\n<meta property=\"article:published_time\" content=\"2024-05-28T12:38:22+00:00\" \/>\n<meta property=\"article:modified_time\" content=\"2024-06-03T07:39:10+00:00\" \/>\n<meta property=\"og:image\" content=\"https:\/\/ge-na-studie.net\/wp-content\/uploads\/2024\/05\/erf.jpg\" \/>\n\t<meta property=\"og:image:width\" content=\"400\" \/>\n\t<meta property=\"og:image:height\" content=\"400\" \/>\n\t<meta property=\"og:image:type\" content=\"image\/jpeg\" \/>\n<meta name=\"author\" content=\"Anna-Lena Moselewski\" \/>\n<meta name=\"twitter:card\" content=\"summary_large_image\" \/>\n<meta name=\"twitter:label1\" content=\"\u00c9crit par\" \/>\n\t<meta name=\"twitter:data1\" content=\"Anna-Lena Moselewski\" \/>\n\t<meta name=\"twitter:label2\" content=\"Dur\u00e9e de lecture estim\u00e9e\" \/>\n\t<meta name=\"twitter:data2\" content=\"2 minutes\" \/>\n<script type=\"application\/ld+json\" class=\"yoast-schema-graph\">{\"@context\":\"https:\/\/schema.org\",\"@graph\":[{\"@type\":\"Article\",\"@id\":\"https:\/\/ge-na-studie.net\/podcast-erf-ch\/#article\",\"isPartOf\":{\"@id\":\"https:\/\/ge-na-studie.net\/podcast-erf-ch\/\"},\"author\":{\"name\":\"Anna-Lena Moselewski\",\"@id\":\"https:\/\/ge-na-studie.net\/#\/schema\/person\/8ccf53c3a42949dc01b131bd0ac8f1b8\"},\"headline\":\"Podcast: ERF.ch | Nachhaltig leben, gerecht handeln\",\"datePublished\":\"2024-05-28T12:38:22+00:00\",\"dateModified\":\"2024-06-03T07:39:10+00:00\",\"mainEntityOfPage\":{\"@id\":\"https:\/\/ge-na-studie.net\/podcast-erf-ch\/\"},\"wordCount\":153,\"publisher\":{\"@id\":\"https:\/\/ge-na-studie.net\/#organization\"},\"image\":{\"@id\":\"https:\/\/ge-na-studie.net\/podcast-erf-ch\/#primaryimage\"},\"thumbnailUrl\":\"https:\/\/ge-na-studie.net\/wp-content\/uploads\/2024\/05\/erf.jpg\",\"articleSection\":[\"Materialien\",\"Podcasts\"],\"inLanguage\":\"fr-FR\"},{\"@type\":\"WebPage\",\"@id\":\"https:\/\/ge-na-studie.net\/podcast-erf-ch\/\",\"url\":\"https:\/\/ge-na-studie.net\/podcast-erf-ch\/\",\"name\":\"Podcast: ERF.ch | Nachhaltig leben, gerecht handeln - Glaube. Klima. Hoffnung.\",\"isPartOf\":{\"@id\":\"https:\/\/ge-na-studie.net\/#website\"},\"primaryImageOfPage\":{\"@id\":\"https:\/\/ge-na-studie.net\/podcast-erf-ch\/#primaryimage\"},\"image\":{\"@id\":\"https:\/\/ge-na-studie.net\/podcast-erf-ch\/#primaryimage\"},\"thumbnailUrl\":\"https:\/\/ge-na-studie.net\/wp-content\/uploads\/2024\/05\/erf.jpg\",\"datePublished\":\"2024-05-28T12:38:22+00:00\",\"dateModified\":\"2024-06-03T07:39:10+00:00\",\"breadcrumb\":{\"@id\":\"https:\/\/ge-na-studie.net\/podcast-erf-ch\/#breadcrumb\"},\"inLanguage\":\"fr-FR\",\"potentialAction\":[{\"@type\":\"ReadAction\",\"target\":[\"https:\/\/ge-na-studie.net\/podcast-erf-ch\/\"]}]},{\"@type\":\"ImageObject\",\"inLanguage\":\"fr-FR\",\"@id\":\"https:\/\/ge-na-studie.net\/podcast-erf-ch\/#primaryimage\",\"url\":\"https:\/\/ge-na-studie.net\/wp-content\/uploads\/2024\/05\/erf.jpg\",\"contentUrl\":\"https:\/\/ge-na-studie.net\/wp-content\/uploads\/2024\/05\/erf.jpg\",\"width\":400,\"height\":400},{\"@type\":\"BreadcrumbList\",\"@id\":\"https:\/\/ge-na-studie.net\/podcast-erf-ch\/#breadcrumb\",\"itemListElement\":[{\"@type\":\"ListItem\",\"position\":1,\"name\":\"Startseite\",\"item\":\"https:\/\/ge-na-studie.net\/\"},{\"@type\":\"ListItem\",\"position\":2,\"name\":\"Podcast: ERF.ch | Nachhaltig leben, gerecht handeln\"}]},{\"@type\":\"WebSite\",\"@id\":\"https:\/\/ge-na-studie.net\/#website\",\"url\":\"https:\/\/ge-na-studie.net\/\",\"name\":\"Glaube. Klima. Hoffnung.\",\"description\":\"Was Christinnen und Christen \u00fcber soziale Gerechtigkeit und \u00f6kologische Nachhaltigkeit denken.\",\"publisher\":{\"@id\":\"https:\/\/ge-na-studie.net\/#organization\"},\"potentialAction\":[{\"@type\":\"SearchAction\",\"target\":{\"@type\":\"EntryPoint\",\"urlTemplate\":\"https:\/\/ge-na-studie.net\/?s={search_term_string}\"},\"query-input\":{\"@type\":\"PropertyValueSpecification\",\"valueRequired\":true,\"valueName\":\"search_term_string\"}}],\"inLanguage\":\"fr-FR\"},{\"@type\":\"Organization\",\"@id\":\"https:\/\/ge-na-studie.net\/#organization\",\"name\":\"Die Ge-Na Studie\",\"url\":\"https:\/\/ge-na-studie.net\/\",\"logo\":{\"@type\":\"ImageObject\",\"inLanguage\":\"fr-FR\",\"@id\":\"https:\/\/ge-na-studie.net\/#\/schema\/logo\/image\/\",\"url\":\"https:\/\/ge-na-studie.net\/wp-content\/uploads\/2023\/10\/Logo-Transparent-Background-PNG-file-e1703164434118.png\",\"contentUrl\":\"https:\/\/ge-na-studie.net\/wp-content\/uploads\/2023\/10\/Logo-Transparent-Background-PNG-file-e1703164434118.png\",\"width\":885,\"height\":1017,\"caption\":\"Die Ge-Na Studie\"},\"image\":{\"@id\":\"https:\/\/ge-na-studie.net\/#\/schema\/logo\/image\/\"}},{\"@type\":\"Person\",\"@id\":\"https:\/\/ge-na-studie.net\/#\/schema\/person\/8ccf53c3a42949dc01b131bd0ac8f1b8\",\"name\":\"Anna-Lena Moselewski\",\"image\":{\"@type\":\"ImageObject\",\"inLanguage\":\"fr-FR\",\"@id\":\"https:\/\/ge-na-studie.net\/#\/schema\/person\/image\/\",\"url\":\"https:\/\/secure.gravatar.com\/avatar\/8c29cc4bce56818b442d261a1d67bcf1eae4409c7c4fcb771ed1ac589fb912a6?s=96&d=mm&r=g\",\"contentUrl\":\"https:\/\/secure.gravatar.com\/avatar\/8c29cc4bce56818b442d261a1d67bcf1eae4409c7c4fcb771ed1ac589fb912a6?s=96&d=mm&r=g\",\"caption\":\"Anna-Lena Moselewski\"},\"url\":\"https:\/\/ge-na-studie.net\/fr\/author\/annalenamo\/\"}]}<\/script>\n<!-- \/ Yoast SEO plugin. -->","yoast_head_json":{"title":"Podcast: ERF.ch | Nachhaltig leben, gerecht handeln - Glaube. Klima. Hoffnung.","robots":{"index":"index","follow":"follow","max-snippet":"max-snippet:-1","max-image-preview":"max-image-preview:large","max-video-preview":"max-video-preview:-1"},"canonical":"https:\/\/ge-na-studie.net\/fr\/podcast-erf-ch\/","og_locale":"fr_FR","og_type":"article","og_title":"Podcast: ERF.ch | Nachhaltig leben, gerecht handeln - Glaube. Klima. Hoffnung.","og_description":"Host Joni Merz w\u00fchlt sich in dieser Episode von der Theorie bis zur Praxis. Er bespricht die Studie mit den Verantwortlichen, fragt bei der Kirche nach und liefert praktische Beispiele, wie die beiden Megathemen Nachhaltigkeit und Gerechtigkeit einen Sitz im Alltag finden k\u00f6nnen.","og_url":"https:\/\/ge-na-studie.net\/fr\/podcast-erf-ch\/","og_site_name":"Glaube. Klima. Hoffnung.","article_published_time":"2024-05-28T12:38:22+00:00","article_modified_time":"2024-06-03T07:39:10+00:00","og_image":[{"width":400,"height":400,"url":"https:\/\/ge-na-studie.net\/wp-content\/uploads\/2024\/05\/erf.jpg","type":"image\/jpeg"}],"author":"Anna-Lena Moselewski","twitter_card":"summary_large_image","twitter_misc":{"\u00c9crit par":"Anna-Lena Moselewski","Dur\u00e9e de lecture estim\u00e9e":"2 minutes"},"schema":{"@context":"https:\/\/schema.org","@graph":[{"@type":"Article","@id":"https:\/\/ge-na-studie.net\/podcast-erf-ch\/#article","isPartOf":{"@id":"https:\/\/ge-na-studie.net\/podcast-erf-ch\/"},"author":{"name":"Anna-Lena Moselewski","@id":"https:\/\/ge-na-studie.net\/#\/schema\/person\/8ccf53c3a42949dc01b131bd0ac8f1b8"},"headline":"Podcast: ERF.ch | Nachhaltig leben, gerecht handeln","datePublished":"2024-05-28T12:38:22+00:00","dateModified":"2024-06-03T07:39:10+00:00","mainEntityOfPage":{"@id":"https:\/\/ge-na-studie.net\/podcast-erf-ch\/"},"wordCount":153,"publisher":{"@id":"https:\/\/ge-na-studie.net\/#organization"},"image":{"@id":"https:\/\/ge-na-studie.net\/podcast-erf-ch\/#primaryimage"},"thumbnailUrl":"https:\/\/ge-na-studie.net\/wp-content\/uploads\/2024\/05\/erf.jpg","articleSection":["Materialien","Podcasts"],"inLanguage":"fr-FR"},{"@type":"WebPage","@id":"https:\/\/ge-na-studie.net\/podcast-erf-ch\/","url":"https:\/\/ge-na-studie.net\/podcast-erf-ch\/","name":"Podcast: ERF.ch | Nachhaltig leben, gerecht handeln - Glaube. Klima. Hoffnung.","isPartOf":{"@id":"https:\/\/ge-na-studie.net\/#website"},"primaryImageOfPage":{"@id":"https:\/\/ge-na-studie.net\/podcast-erf-ch\/#primaryimage"},"image":{"@id":"https:\/\/ge-na-studie.net\/podcast-erf-ch\/#primaryimage"},"thumbnailUrl":"https:\/\/ge-na-studie.net\/wp-content\/uploads\/2024\/05\/erf.jpg","datePublished":"2024-05-28T12:38:22+00:00","dateModified":"2024-06-03T07:39:10+00:00","breadcrumb":{"@id":"https:\/\/ge-na-studie.net\/podcast-erf-ch\/#breadcrumb"},"inLanguage":"fr-FR","potentialAction":[{"@type":"ReadAction","target":["https:\/\/ge-na-studie.net\/podcast-erf-ch\/"]}]},{"@type":"ImageObject","inLanguage":"fr-FR","@id":"https:\/\/ge-na-studie.net\/podcast-erf-ch\/#primaryimage","url":"https:\/\/ge-na-studie.net\/wp-content\/uploads\/2024\/05\/erf.jpg","contentUrl":"https:\/\/ge-na-studie.net\/wp-content\/uploads\/2024\/05\/erf.jpg","width":400,"height":400},{"@type":"BreadcrumbList","@id":"https:\/\/ge-na-studie.net\/podcast-erf-ch\/#breadcrumb","itemListElement":[{"@type":"ListItem","position":1,"name":"Startseite","item":"https:\/\/ge-na-studie.net\/"},{"@type":"ListItem","position":2,"name":"Podcast: ERF.ch | Nachhaltig leben, gerecht handeln"}]},{"@type":"WebSite","@id":"https:\/\/ge-na-studie.net\/#website","url":"https:\/\/ge-na-studie.net\/","name":"Glaube. Klima. Hoffnung.","description":"Was Christinnen und Christen \u00fcber soziale Gerechtigkeit und \u00f6kologische Nachhaltigkeit denken.","publisher":{"@id":"https:\/\/ge-na-studie.net\/#organization"},"potentialAction":[{"@type":"SearchAction","target":{"@type":"EntryPoint","urlTemplate":"https:\/\/ge-na-studie.net\/?s={search_term_string}"},"query-input":{"@type":"PropertyValueSpecification","valueRequired":true,"valueName":"search_term_string"}}],"inLanguage":"fr-FR"},{"@type":"Organization","@id":"https:\/\/ge-na-studie.net\/#organization","name":"Die Ge-Na Studie","url":"https:\/\/ge-na-studie.net\/","logo":{"@type":"ImageObject","inLanguage":"fr-FR","@id":"https:\/\/ge-na-studie.net\/#\/schema\/logo\/image\/","url":"https:\/\/ge-na-studie.net\/wp-content\/uploads\/2023\/10\/Logo-Transparent-Background-PNG-file-e1703164434118.png","contentUrl":"https:\/\/ge-na-studie.net\/wp-content\/uploads\/2023\/10\/Logo-Transparent-Background-PNG-file-e1703164434118.png","width":885,"height":1017,"caption":"Die Ge-Na Studie"},"image":{"@id":"https:\/\/ge-na-studie.net\/#\/schema\/logo\/image\/"}},{"@type":"Person","@id":"https:\/\/ge-na-studie.net\/#\/schema\/person\/8ccf53c3a42949dc01b131bd0ac8f1b8","name":"Anna-Lena Moselewski","image":{"@type":"ImageObject","inLanguage":"fr-FR","@id":"https:\/\/ge-na-studie.net\/#\/schema\/person\/image\/","url":"https:\/\/secure.gravatar.com\/avatar\/8c29cc4bce56818b442d261a1d67bcf1eae4409c7c4fcb771ed1ac589fb912a6?s=96&d=mm&r=g","contentUrl":"https:\/\/secure.gravatar.com\/avatar\/8c29cc4bce56818b442d261a1d67bcf1eae4409c7c4fcb771ed1ac589fb912a6?s=96&d=mm&r=g","caption":"Anna-Lena Moselewski"},"url":"https:\/\/ge-na-studie.net\/fr\/author\/annalenamo\/"}]}},"_links":{"self":[{"href":"https:\/\/ge-na-studie.net\/fr\/wp-json\/wp\/v2\/posts\/2698","targetHints":{"allow":["GET"]}}],"collection":[{"href":"https:\/\/ge-na-studie.net\/fr\/wp-json\/wp\/v2\/posts"}],"about":[{"href":"https:\/\/ge-na-studie.net\/fr\/wp-json\/wp\/v2\/types\/post"}],"author":[{"embeddable":true,"href":"https:\/\/ge-na-studie.net\/fr\/wp-json\/wp\/v2\/users\/3"}],"replies":[{"embeddable":true,"href":"https:\/\/ge-na-studie.net\/fr\/wp-json\/wp\/v2\/comments?post=2698"}],"version-history":[{"count":9,"href":"https:\/\/ge-na-studie.net\/fr\/wp-json\/wp\/v2\/posts\/2698\/revisions"}],"predecessor-version":[{"id":2711,"href":"https:\/\/ge-na-studie.net\/fr\/wp-json\/wp\/v2\/posts\/2698\/revisions\/2711"}],"wp:featuredmedia":[{"embeddable":true,"href":"https:\/\/ge-na-studie.net\/fr\/wp-json\/wp\/v2\/media\/2701"}],"wp:attachment":[{"href":"https:\/\/ge-na-studie.net\/fr\/wp-json\/wp\/v2\/media?parent=2698"}],"wp:term":[{"taxonomy":"category","embeddable":true,"href":"https:\/\/ge-na-studie.net\/fr\/wp-json\/wp\/v2\/categories?post=2698"},{"taxonomy":"post_tag","embeddable":true,"href":"https:\/\/ge-na-studie.net\/fr\/wp-json\/wp\/v2\/tags?post=2698"}],"curies":[{"name":"wp","href":"https:\/\/api.w.org\/{rel}","templated":true}]}}