{"id":1308,"date":"2024-03-09T15:35:39","date_gmt":"2024-03-09T14:35:39","guid":{"rendered":"https:\/\/ge-na-studie.net\/?p=1308"},"modified":"2024-06-03T12:41:13","modified_gmt":"2024-06-03T10:41:13","slug":"themenschwerpunkt-gemeinde","status":"publish","type":"post","link":"https:\/\/ge-na-studie.net\/fr\/themenschwerpunkt-gemeinde\/","title":{"rendered":"Communaut\u00e9"},"content":{"rendered":"<div data-elementor-type=\"wp-post\" data-elementor-id=\"1308\" class=\"elementor elementor-1308\" data-elementor-post-type=\"post\">\n\t\t\t\t<div class=\"elementor-element elementor-element-2d7e8f9 e-flex e-con-boxed e-con e-parent\" data-id=\"2d7e8f9\" data-element_type=\"container\">\n\t\t\t\t\t<div class=\"e-con-inner\">\n\t\t\t\t<div class=\"elementor-element elementor-element-6259ca9 elementor-widget__width-initial elementor-widget elementor-widget-text-editor\" data-id=\"6259ca9\" data-element_type=\"widget\" data-widget_type=\"text-editor.default\">\n\t\t\t\t<div class=\"elementor-widget-container\">\n\t\t\t\t\t\t\t<p>4<\/p>\t\t\t\t\t\t<\/div>\n\t\t\t\t<\/div>\n\t\t\t\t<div class=\"elementor-element elementor-element-a2d791d elementor-widget elementor-widget-theme-post-title elementor-page-title elementor-widget-heading\" data-id=\"a2d791d\" data-element_type=\"widget\" data-widget_type=\"theme-post-title.default\">\n\t\t\t\t<div class=\"elementor-widget-container\">\n\t\t\t<h2 class=\"elementor-heading-title elementor-size-default\">Communaut\u00e9<\/h2>\t\t<\/div>\n\t\t\t\t<\/div>\n\t\t\t\t<div class=\"elementor-element elementor-element-ae28d16 elementor-widget elementor-widget-spacer\" data-id=\"ae28d16\" data-element_type=\"widget\" data-widget_type=\"spacer.default\">\n\t\t\t\t<div class=\"elementor-widget-container\">\n\t\t\t\t\t<div class=\"elementor-spacer\">\n\t\t\t<div class=\"elementor-spacer-inner\"><\/div>\n\t\t<\/div>\n\t\t\t\t<\/div>\n\t\t\t\t<\/div>\n\t\t\t\t<div class=\"elementor-element elementor-element-1bb15c3 elementor-widget elementor-widget-theme-post-featured-image elementor-widget-image\" data-id=\"1bb15c3\" data-element_type=\"widget\" data-widget_type=\"theme-post-featured-image.default\">\n\t\t\t\t<div class=\"elementor-widget-container\">\n\t\t\t\t\t\t\t\t\t\t\t\t\t<img decoding=\"async\" width=\"150\" height=\"150\" src=\"https:\/\/ge-na-studie.net\/wp-content\/uploads\/2024\/03\/IconGemeinde-150x150.png\" class=\"attachment-thumbnail size-thumbnail wp-image-1386\" alt=\"\" srcset=\"https:\/\/ge-na-studie.net\/wp-content\/uploads\/2024\/03\/IconGemeinde-150x150.png 150w, https:\/\/ge-na-studie.net\/wp-content\/uploads\/2024\/03\/IconGemeinde-300x300.png 300w, https:\/\/ge-na-studie.net\/wp-content\/uploads\/2024\/03\/IconGemeinde-1024x1024.png 1024w, https:\/\/ge-na-studie.net\/wp-content\/uploads\/2024\/03\/IconGemeinde-768x768.png 768w, https:\/\/ge-na-studie.net\/wp-content\/uploads\/2024\/03\/IconGemeinde-1536x1536.png 1536w, https:\/\/ge-na-studie.net\/wp-content\/uploads\/2024\/03\/IconGemeinde-2048x2048.png 2048w, https:\/\/ge-na-studie.net\/wp-content\/uploads\/2024\/03\/IconGemeinde-12x12.png 12w, https:\/\/ge-na-studie.net\/wp-content\/uploads\/2024\/03\/IconGemeinde-600x600.png 600w\" sizes=\"(max-width: 150px) 100vw, 150px\" \/>\t\t\t\t\t\t\t\t\t\t\t\t\t<\/div>\n\t\t\t\t<\/div>\n\t\t\t\t\t<\/div>\n\t\t\t\t<\/div>\n\t\t<div class=\"elementor-element elementor-element-0542edf e-flex e-con-boxed e-con e-parent\" data-id=\"0542edf\" data-element_type=\"container\" data-settings=\"{&quot;background_background&quot;:&quot;classic&quot;}\">\n\t\t\t\t\t<div class=\"e-con-inner\">\n\t\t<div class=\"elementor-element elementor-element-bd808df e-con-full e-flex e-con e-child\" data-id=\"bd808df\" data-element_type=\"container\">\n\t\t\t\t<div class=\"elementor-element elementor-element-23d40a2 elementor-widget elementor-widget-heading\" data-id=\"23d40a2\" data-element_type=\"widget\" data-widget_type=\"heading.default\">\n\t\t\t\t<div class=\"elementor-widget-container\">\n\t\t\t<h4 class=\"elementor-heading-title elementor-size-default\">En bref: La justice sociale et la durabilit\u00e9 \u00e9cologique jouent un r\u00f4le dans la paroisse, surtout dans les pr\u00e9dications et le culte, et une tr\u00e8s forte proportion des personnes interrog\u00e9es approuvent le fait que l'\u00c9glise s'engage pour la durabilit\u00e9.<\/h4>\t\t<\/div>\n\t\t\t\t<\/div>\n\t\t\t\t<\/div>\n\t\t<div class=\"elementor-element elementor-element-30a74b4 e-con-full e-flex e-con e-child\" data-id=\"30a74b4\" data-element_type=\"container\">\n\t\t\t\t<div class=\"elementor-element elementor-element-8dfdc05 elementor-widget elementor-widget-text-editor\" data-id=\"8dfdc05\" data-element_type=\"widget\" data-widget_type=\"text-editor.default\">\n\t\t\t\t<div class=\"elementor-widget-container\">\n\t\t\t\t\t\t\t<p>Environ 90% des personnes interrog\u00e9es sont plut\u00f4t ou tout \u00e0 fait d'accord avec le fait que l'\u00c9glise doit s'engager pour la durabilit\u00e9, car c'est sa mission de prot\u00e9ger la plan\u00e8te. Dans l'\u00c9glise, les trois domaines dans lesquels le th\u00e8me de la justice sociale appara\u00eet le plus fr\u00e9quemment sont les pr\u00e9dications, le culte et les entretiens personnels. Le th\u00e8me est peu pr\u00e9sent dans la louange et les chants, alors qu'ils constituent un \u00e9l\u00e9ment central du culte, surtout pour les jeunes croyant\u00b7e\u00b7s. <\/p>\t\t\t\t\t\t<\/div>\n\t\t\t\t<\/div>\n\t\t\t\t<div class=\"elementor-element elementor-element-8a24157 elementor-widget elementor-widget-accordion\" data-id=\"8a24157\" data-element_type=\"widget\" data-widget_type=\"accordion.default\">\n\t\t\t\t<div class=\"elementor-widget-container\">\n\t\t\t\t\t<div class=\"elementor-accordion\">\n\t\t\t\t\t\t\t<div class=\"elementor-accordion-item\">\n\t\t\t\t\t<div id=\"elementor-tab-title-1441\" class=\"elementor-tab-title\" data-tab=\"1\" role=\"button\" aria-controls=\"elementor-tab-content-1441\" aria-expanded=\"false\">\n\t\t\t\t\t\t\t\t\t\t\t\t<a class=\"elementor-accordion-title\" tabindex=\"0\">Graphique : Justice et durabilit\u00e9 dans la communaut\u00e9<\/a>\n\t\t\t\t\t<\/div>\n\t\t\t\t\t<div id=\"elementor-tab-content-1441\" class=\"elementor-tab-content elementor-clearfix\" data-tab=\"1\" role=\"region\" aria-labelledby=\"elementor-tab-title-1441\"><p><img fetchpriority=\"high\" decoding=\"async\" class=\"wp-image-1318 size-full\" src=\"https:\/\/ge-na-studie.net\/wp-content\/uploads\/2024\/04\/FRENCH_Grafik-4.1.png\" alt=\"\" width=\"1920\" height=\"1080\" srcset=\"https:\/\/ge-na-studie.net\/wp-content\/uploads\/2024\/04\/FRENCH_Grafik-4.1.png 1920w, https:\/\/ge-na-studie.net\/wp-content\/uploads\/2024\/04\/FRENCH_Grafik-4.1-300x169.png 300w, https:\/\/ge-na-studie.net\/wp-content\/uploads\/2024\/04\/FRENCH_Grafik-4.1-1024x576.png 1024w, https:\/\/ge-na-studie.net\/wp-content\/uploads\/2024\/04\/FRENCH_Grafik-4.1-768x432.png 768w, https:\/\/ge-na-studie.net\/wp-content\/uploads\/2024\/04\/FRENCH_Grafik-4.1-1536x864.png 1536w, https:\/\/ge-na-studie.net\/wp-content\/uploads\/2024\/04\/FRENCH_Grafik-4.1-18x10.png 18w, https:\/\/ge-na-studie.net\/wp-content\/uploads\/2024\/04\/FRENCH_Grafik-4.1-800x450.png 800w\" sizes=\"(max-width: 1920px) 100vw, 1920px\" \/><strong>Bon \u00e0 savoir<\/strong> Nous observons que la durabilit\u00e9 est moins pr\u00e9sente dans l'\u00c9glise que la justice sociale, et ce dans tous les domaines. En outre, les r\u00e9sultats montrent que la durabilit\u00e9 joue un r\u00f4le plus important dans les \u00c9glises protestantes que dans les \u00c9glises libres, et ce dans tous les domaines \u00e9galement.<\/p><\/div>\n\t\t\t\t<\/div>\n\t\t\t\t\t\t\t\t<\/div>\n\t\t\t\t<\/div>\n\t\t\t\t<\/div>\n\t\t\t\t<\/div>\n\t\t\t\t\t<\/div>\n\t\t\t\t<\/div>\n\t\t<div class=\"elementor-element elementor-element-44fc88e e-flex e-con-boxed e-con e-parent\" data-id=\"44fc88e\" data-element_type=\"container\">\n\t\t\t\t\t<div class=\"e-con-inner\">\n\t\t<div class=\"elementor-element elementor-element-66ae33b e-con-full e-flex e-con e-child\" data-id=\"66ae33b\" data-element_type=\"container\">\n\t\t\t\t<div class=\"elementor-element elementor-element-efc3772 elementor-widget elementor-widget-heading\" data-id=\"efc3772\" data-element_type=\"widget\" data-widget_type=\"heading.default\">\n\t\t\t\t<div class=\"elementor-widget-container\">\n\t\t\t<h4 class=\"elementor-heading-title elementor-size-default\">En r\u00e9sum\u00e9, de mani\u00e8re inattendue, peu de diff\u00e9rences apparaissent entre les jeunes et les personnes plus \u00e2g\u00e9es  dans un contexte communautaire. A peine un tiers (29,9%) des jeunes interrog\u00e9s indiquent que la justice sociale joue un r\u00f4le dans les offres pour les enfants et les jeunes. Ce chiffre est de 23,1% concernant la durabilit\u00e9 \u00e9cologique.<\/h4>\t\t<\/div>\n\t\t\t\t<\/div>\n\t\t\t\t<\/div>\n\t\t<div class=\"elementor-element elementor-element-ff707c9 e-con-full e-flex e-con e-child\" data-id=\"ff707c9\" data-element_type=\"container\">\n\t\t\t\t<div class=\"elementor-element elementor-element-c21f394 elementor-widget elementor-widget-text-editor\" data-id=\"c21f394\" data-element_type=\"widget\" data-widget_type=\"text-editor.default\">\n\t\t\t\t<div class=\"elementor-widget-container\">\n\t\t\t\t\t\t\t<p style=\"text-align: right;\">Milo, \u00e9tude pr\u00e9liminaire<\/p>\t\t\t\t\t\t<\/div>\n\t\t\t\t<\/div>\n\t\t\t\t<div class=\"elementor-element elementor-element-6041609 elementor-absolute elementor-widget elementor-widget-image\" data-id=\"6041609\" data-element_type=\"widget\" data-settings=\"{&quot;_position&quot;:&quot;absolute&quot;}\" data-widget_type=\"image.default\">\n\t\t\t\t<div class=\"elementor-widget-container\">\n\t\t\t\t\t\t\t\t\t\t\t\t\t<img decoding=\"async\" width=\"300\" height=\"300\" src=\"https:\/\/ge-na-studie.net\/wp-content\/uploads\/2024\/03\/quote-1-300x300.png\" class=\"attachment-medium size-medium wp-image-1216\" alt=\"\" srcset=\"https:\/\/ge-na-studie.net\/wp-content\/uploads\/2024\/03\/quote-1-300x300.png 300w, https:\/\/ge-na-studie.net\/wp-content\/uploads\/2024\/03\/quote-1-150x150.png 150w, https:\/\/ge-na-studie.net\/wp-content\/uploads\/2024\/03\/quote-1-12x12.png 12w, https:\/\/ge-na-studie.net\/wp-content\/uploads\/2024\/03\/quote-1-600x600.png 600w, https:\/\/ge-na-studie.net\/wp-content\/uploads\/2024\/03\/quote-1.png 700w\" sizes=\"(max-width: 300px) 100vw, 300px\" \/>\t\t\t\t\t\t\t\t\t\t\t\t\t<\/div>\n\t\t\t\t<\/div>\n\t\t\t\t<div class=\"elementor-element elementor-element-d3b3dce elementor-widget elementor-widget-text-editor\" data-id=\"d3b3dce\" data-element_type=\"widget\" data-widget_type=\"text-editor.default\">\n\t\t\t\t<div class=\"elementor-widget-container\">\n\t\t\t\t\t\t\t<p style=\"text-align: left;\"><em>\"Lorsque j'\u00e9tais scout chr\u00e9tien, nous parlions d\u00e9j\u00e0 gestion de la Cr\u00e9ation, des d\u00e9chets. C'\u00e9tait plut\u00f4t \u00e0 petite \u00e9chelle. Il ne s'agissait pas de justice climatique globale ou autre. Mais la question du respect envers la Cr\u00e9ation \u00e9tait d\u00e9j\u00e0 un th\u00e8me\". <\/em><\/p>\t\t\t\t\t\t<\/div>\n\t\t\t\t<\/div>\n\t\t\t\t<\/div>\n\t\t<div class=\"elementor-element elementor-element-df60588 e-con-full e-flex e-con e-child\" data-id=\"df60588\" data-element_type=\"container\">\n\t\t\t\t<\/div>\n\t\t\t\t\t<\/div>\n\t\t\t\t<\/div>\n\t\t\t\t<\/div>","protected":false},"excerpt":{"rendered":"<p>4 Kurz gesagt: Soziale Gerechtigkeit und \u00f6kologische Nachhaltigkeit spielen in der Gemeinde vor allem in Predigten und im Gottesdienst eine Rolle, wobei ein sehr hoher Anteil der Befragten es bef\u00fcrwortet, dass sich Kirche f\u00fcr Nachhaltigkeit einsetzt. Rund 90% der Befragten stimmen eher oder ganz zu, dass sich Kirche f\u00fcr Nachhaltigkeit einsetzen soll, weil es der [&hellip;]<\/p>","protected":false},"author":2,"featured_media":1386,"comment_status":"closed","ping_status":"closed","sticky":false,"template":"","format":"standard","meta":{"_monsterinsights_skip_tracking":false,"_monsterinsights_sitenote_active":false,"_monsterinsights_sitenote_note":"","_monsterinsights_sitenote_category":0,"ocean_post_layout":"full-screen","ocean_both_sidebars_style":"","ocean_both_sidebars_content_width":0,"ocean_both_sidebars_sidebars_width":0,"ocean_sidebar":"","ocean_second_sidebar":"","ocean_disable_margins":"on","ocean_add_body_class":"","ocean_shortcode_before_top_bar":"","ocean_shortcode_after_top_bar":"","ocean_shortcode_before_header":"","ocean_shortcode_after_header":"","ocean_has_shortcode":"","ocean_shortcode_after_title":"","ocean_shortcode_before_footer_widgets":"","ocean_shortcode_after_footer_widgets":"","ocean_shortcode_before_footer_bottom":"","ocean_shortcode_after_footer_bottom":"","ocean_display_top_bar":"default","ocean_display_header":"default","ocean_header_style":"","ocean_center_header_left_menu":"","ocean_custom_header_template":"","ocean_custom_logo":0,"ocean_custom_retina_logo":0,"ocean_custom_logo_max_width":0,"ocean_custom_logo_tablet_max_width":0,"ocean_custom_logo_mobile_max_width":0,"ocean_custom_logo_max_height":0,"ocean_custom_logo_tablet_max_height":0,"ocean_custom_logo_mobile_max_height":0,"ocean_header_custom_menu":"","ocean_menu_typo_font_family":"","ocean_menu_typo_font_subset":"","ocean_menu_typo_font_size":0,"ocean_menu_typo_font_size_tablet":0,"ocean_menu_typo_font_size_mobile":0,"ocean_menu_typo_font_size_unit":"px","ocean_menu_typo_font_weight":"","ocean_menu_typo_font_weight_tablet":"","ocean_menu_typo_font_weight_mobile":"","ocean_menu_typo_transform":"","ocean_menu_typo_transform_tablet":"","ocean_menu_typo_transform_mobile":"","ocean_menu_typo_line_height":0,"ocean_menu_typo_line_height_tablet":0,"ocean_menu_typo_line_height_mobile":0,"ocean_menu_typo_line_height_unit":"","ocean_menu_typo_spacing":0,"ocean_menu_typo_spacing_tablet":0,"ocean_menu_typo_spacing_mobile":0,"ocean_menu_typo_spacing_unit":"","ocean_menu_link_color":"","ocean_menu_link_color_hover":"","ocean_menu_link_color_active":"","ocean_menu_link_background":"","ocean_menu_link_hover_background":"","ocean_menu_link_active_background":"","ocean_menu_social_links_bg":"","ocean_menu_social_hover_links_bg":"","ocean_menu_social_links_color":"","ocean_menu_social_hover_links_color":"","ocean_disable_title":"default","ocean_disable_heading":"default","ocean_post_title":"","ocean_post_subheading":"","ocean_post_title_style":"","ocean_post_title_background_color":"","ocean_post_title_background":0,"ocean_post_title_bg_image_position":"","ocean_post_title_bg_image_attachment":"","ocean_post_title_bg_image_repeat":"","ocean_post_title_bg_image_size":"","ocean_post_title_height":0,"ocean_post_title_bg_overlay":0.5,"ocean_post_title_bg_overlay_color":"","ocean_disable_breadcrumbs":"default","ocean_breadcrumbs_color":"","ocean_breadcrumbs_separator_color":"","ocean_breadcrumbs_links_color":"","ocean_breadcrumbs_links_hover_color":"","ocean_display_footer_widgets":"default","ocean_display_footer_bottom":"default","ocean_custom_footer_template":"","ocean_post_oembed":"","ocean_post_self_hosted_media":"","ocean_post_video_embed":"","ocean_link_format":"","ocean_link_format_target":"self","ocean_quote_format":"","ocean_quote_format_link":"post","ocean_gallery_link_images":"on","ocean_gallery_id":[],"footnotes":""},"categories":[1,11],"tags":[],"class_list":["post-1308","post","type-post","status-publish","format-standard","has-post-thumbnail","hentry","category-allgemein","category-schwerpunkte","entry","has-media"],"yoast_head":"<!-- This site is optimized with the Yoast SEO plugin v23.6 - https:\/\/yoast.com\/wordpress\/plugins\/seo\/ -->\n<title>Gemeinde<\/title>\n<meta name=\"description\" content=\"Wie verhalten sich Christinnen und Christen in der Gemeinde? Entdecken Sie mit uns die spannenden Ergebnisse der Ge-Na Studie.\" \/>\n<meta name=\"robots\" content=\"index, follow, max-snippet:-1, max-image-preview:large, max-video-preview:-1\" \/>\n<link rel=\"canonical\" href=\"https:\/\/ge-na-studie.net\/fr\/themenschwerpunkt-gemeinde\/\" \/>\n<meta property=\"og:locale\" content=\"fr_FR\" \/>\n<meta property=\"og:type\" content=\"article\" \/>\n<meta property=\"og:title\" content=\"Gemeinde\" \/>\n<meta property=\"og:description\" content=\"Wie verhalten sich Christinnen und Christen in der Gemeinde? Entdecken Sie mit uns die spannenden Ergebnisse der Ge-Na Studie.\" \/>\n<meta property=\"og:url\" content=\"https:\/\/ge-na-studie.net\/fr\/themenschwerpunkt-gemeinde\/\" \/>\n<meta property=\"og:site_name\" content=\"Glaube. Klima. Hoffnung.\" \/>\n<meta property=\"article:published_time\" content=\"2024-03-09T14:35:39+00:00\" \/>\n<meta property=\"article:modified_time\" content=\"2024-06-03T10:41:13+00:00\" \/>\n<meta property=\"og:image\" content=\"https:\/\/ge-na-studie.net\/wp-content\/uploads\/2024\/03\/IconGemeinde.png\" \/>\n\t<meta property=\"og:image:width\" content=\"3240\" \/>\n\t<meta property=\"og:image:height\" content=\"3240\" \/>\n\t<meta property=\"og:image:type\" content=\"image\/png\" \/>\n<meta name=\"author\" content=\"Lukas Lennert\" \/>\n<meta name=\"twitter:card\" content=\"summary_large_image\" \/>\n<meta name=\"twitter:label1\" content=\"\u00c9crit par\" \/>\n\t<meta name=\"twitter:data1\" content=\"Lukas Lennert\" \/>\n\t<meta name=\"twitter:label2\" content=\"Dur\u00e9e de lecture estim\u00e9e\" \/>\n\t<meta name=\"twitter:data2\" content=\"2 minutes\" \/>\n<script type=\"application\/ld+json\" class=\"yoast-schema-graph\">{\"@context\":\"https:\/\/schema.org\",\"@graph\":[{\"@type\":\"Article\",\"@id\":\"https:\/\/ge-na-studie.net\/themenschwerpunkt-gemeinde\/#article\",\"isPartOf\":{\"@id\":\"https:\/\/ge-na-studie.net\/themenschwerpunkt-gemeinde\/\"},\"author\":{\"name\":\"Lukas Lennert\",\"@id\":\"https:\/\/ge-na-studie.net\/#\/schema\/person\/447c269310c73cf7466c8d8061c0811d\"},\"headline\":\"Gemeinde\",\"datePublished\":\"2024-03-09T14:35:39+00:00\",\"dateModified\":\"2024-06-03T10:41:13+00:00\",\"mainEntityOfPage\":{\"@id\":\"https:\/\/ge-na-studie.net\/themenschwerpunkt-gemeinde\/\"},\"wordCount\":262,\"publisher\":{\"@id\":\"https:\/\/ge-na-studie.net\/#organization\"},\"image\":{\"@id\":\"https:\/\/ge-na-studie.net\/themenschwerpunkt-gemeinde\/#primaryimage\"},\"thumbnailUrl\":\"https:\/\/ge-na-studie.net\/wp-content\/uploads\/2024\/03\/IconGemeinde.png\",\"articleSection\":[\"Allgemein\",\"Schwerpunkte\"],\"inLanguage\":\"fr-FR\"},{\"@type\":\"WebPage\",\"@id\":\"https:\/\/ge-na-studie.net\/themenschwerpunkt-gemeinde\/\",\"url\":\"https:\/\/ge-na-studie.net\/themenschwerpunkt-gemeinde\/\",\"name\":\"Gemeinde\",\"isPartOf\":{\"@id\":\"https:\/\/ge-na-studie.net\/#website\"},\"primaryImageOfPage\":{\"@id\":\"https:\/\/ge-na-studie.net\/themenschwerpunkt-gemeinde\/#primaryimage\"},\"image\":{\"@id\":\"https:\/\/ge-na-studie.net\/themenschwerpunkt-gemeinde\/#primaryimage\"},\"thumbnailUrl\":\"https:\/\/ge-na-studie.net\/wp-content\/uploads\/2024\/03\/IconGemeinde.png\",\"datePublished\":\"2024-03-09T14:35:39+00:00\",\"dateModified\":\"2024-06-03T10:41:13+00:00\",\"description\":\"Wie verhalten sich Christinnen und Christen in der Gemeinde? Entdecken Sie mit uns die spannenden Ergebnisse der Ge-Na Studie.\",\"breadcrumb\":{\"@id\":\"https:\/\/ge-na-studie.net\/themenschwerpunkt-gemeinde\/#breadcrumb\"},\"inLanguage\":\"fr-FR\",\"potentialAction\":[{\"@type\":\"ReadAction\",\"target\":[\"https:\/\/ge-na-studie.net\/themenschwerpunkt-gemeinde\/\"]}]},{\"@type\":\"ImageObject\",\"inLanguage\":\"fr-FR\",\"@id\":\"https:\/\/ge-na-studie.net\/themenschwerpunkt-gemeinde\/#primaryimage\",\"url\":\"https:\/\/ge-na-studie.net\/wp-content\/uploads\/2024\/03\/IconGemeinde.png\",\"contentUrl\":\"https:\/\/ge-na-studie.net\/wp-content\/uploads\/2024\/03\/IconGemeinde.png\",\"width\":3240,\"height\":3240},{\"@type\":\"BreadcrumbList\",\"@id\":\"https:\/\/ge-na-studie.net\/themenschwerpunkt-gemeinde\/#breadcrumb\",\"itemListElement\":[{\"@type\":\"ListItem\",\"position\":1,\"name\":\"Startseite\",\"item\":\"https:\/\/ge-na-studie.net\/\"},{\"@type\":\"ListItem\",\"position\":2,\"name\":\"Gemeinde\"}]},{\"@type\":\"WebSite\",\"@id\":\"https:\/\/ge-na-studie.net\/#website\",\"url\":\"https:\/\/ge-na-studie.net\/\",\"name\":\"Glaube. Klima. Hoffnung.\",\"description\":\"Was Christinnen und Christen \u00fcber soziale Gerechtigkeit und \u00f6kologische Nachhaltigkeit denken.\",\"publisher\":{\"@id\":\"https:\/\/ge-na-studie.net\/#organization\"},\"potentialAction\":[{\"@type\":\"SearchAction\",\"target\":{\"@type\":\"EntryPoint\",\"urlTemplate\":\"https:\/\/ge-na-studie.net\/?s={search_term_string}\"},\"query-input\":{\"@type\":\"PropertyValueSpecification\",\"valueRequired\":true,\"valueName\":\"search_term_string\"}}],\"inLanguage\":\"fr-FR\"},{\"@type\":\"Organization\",\"@id\":\"https:\/\/ge-na-studie.net\/#organization\",\"name\":\"Die Ge-Na Studie\",\"url\":\"https:\/\/ge-na-studie.net\/\",\"logo\":{\"@type\":\"ImageObject\",\"inLanguage\":\"fr-FR\",\"@id\":\"https:\/\/ge-na-studie.net\/#\/schema\/logo\/image\/\",\"url\":\"https:\/\/ge-na-studie.net\/wp-content\/uploads\/2023\/10\/Logo-Transparent-Background-PNG-file-e1703164434118.png\",\"contentUrl\":\"https:\/\/ge-na-studie.net\/wp-content\/uploads\/2023\/10\/Logo-Transparent-Background-PNG-file-e1703164434118.png\",\"width\":885,\"height\":1017,\"caption\":\"Die Ge-Na Studie\"},\"image\":{\"@id\":\"https:\/\/ge-na-studie.net\/#\/schema\/logo\/image\/\"}},{\"@type\":\"Person\",\"@id\":\"https:\/\/ge-na-studie.net\/#\/schema\/person\/447c269310c73cf7466c8d8061c0811d\",\"name\":\"Lukas Lennert\",\"image\":{\"@type\":\"ImageObject\",\"inLanguage\":\"fr-FR\",\"@id\":\"https:\/\/ge-na-studie.net\/#\/schema\/person\/image\/\",\"url\":\"https:\/\/secure.gravatar.com\/avatar\/8cc0a004beef1b5cc7dfd82da0e9111e5d732bfbc9eca7a46bb8889d209d2bfb?s=96&d=mm&r=g\",\"contentUrl\":\"https:\/\/secure.gravatar.com\/avatar\/8cc0a004beef1b5cc7dfd82da0e9111e5d732bfbc9eca7a46bb8889d209d2bfb?s=96&d=mm&r=g\",\"caption\":\"Lukas Lennert\"},\"sameAs\":[\"http:\/\/lukaslennert.de\"],\"url\":\"https:\/\/ge-na-studie.net\/fr\/author\/lukaslennert\/\"}]}<\/script>\n<!-- \/ Yoast SEO plugin. -->","yoast_head_json":{"title":"Gemeinde","description":"Wie verhalten sich Christinnen und Christen in der Gemeinde? Entdecken Sie mit uns die spannenden Ergebnisse der Ge-Na Studie.","robots":{"index":"index","follow":"follow","max-snippet":"max-snippet:-1","max-image-preview":"max-image-preview:large","max-video-preview":"max-video-preview:-1"},"canonical":"https:\/\/ge-na-studie.net\/fr\/themenschwerpunkt-gemeinde\/","og_locale":"fr_FR","og_type":"article","og_title":"Gemeinde","og_description":"Wie verhalten sich Christinnen und Christen in der Gemeinde? Entdecken Sie mit uns die spannenden Ergebnisse der Ge-Na Studie.","og_url":"https:\/\/ge-na-studie.net\/fr\/themenschwerpunkt-gemeinde\/","og_site_name":"Glaube. Klima. Hoffnung.","article_published_time":"2024-03-09T14:35:39+00:00","article_modified_time":"2024-06-03T10:41:13+00:00","og_image":[{"width":3240,"height":3240,"url":"https:\/\/ge-na-studie.net\/wp-content\/uploads\/2024\/03\/IconGemeinde.png","type":"image\/png"}],"author":"Lukas Lennert","twitter_card":"summary_large_image","twitter_misc":{"\u00c9crit par":"Lukas Lennert","Dur\u00e9e de lecture estim\u00e9e":"2 minutes"},"schema":{"@context":"https:\/\/schema.org","@graph":[{"@type":"Article","@id":"https:\/\/ge-na-studie.net\/themenschwerpunkt-gemeinde\/#article","isPartOf":{"@id":"https:\/\/ge-na-studie.net\/themenschwerpunkt-gemeinde\/"},"author":{"name":"Lukas Lennert","@id":"https:\/\/ge-na-studie.net\/#\/schema\/person\/447c269310c73cf7466c8d8061c0811d"},"headline":"Gemeinde","datePublished":"2024-03-09T14:35:39+00:00","dateModified":"2024-06-03T10:41:13+00:00","mainEntityOfPage":{"@id":"https:\/\/ge-na-studie.net\/themenschwerpunkt-gemeinde\/"},"wordCount":262,"publisher":{"@id":"https:\/\/ge-na-studie.net\/#organization"},"image":{"@id":"https:\/\/ge-na-studie.net\/themenschwerpunkt-gemeinde\/#primaryimage"},"thumbnailUrl":"https:\/\/ge-na-studie.net\/wp-content\/uploads\/2024\/03\/IconGemeinde.png","articleSection":["Allgemein","Schwerpunkte"],"inLanguage":"fr-FR"},{"@type":"WebPage","@id":"https:\/\/ge-na-studie.net\/themenschwerpunkt-gemeinde\/","url":"https:\/\/ge-na-studie.net\/themenschwerpunkt-gemeinde\/","name":"Gemeinde","isPartOf":{"@id":"https:\/\/ge-na-studie.net\/#website"},"primaryImageOfPage":{"@id":"https:\/\/ge-na-studie.net\/themenschwerpunkt-gemeinde\/#primaryimage"},"image":{"@id":"https:\/\/ge-na-studie.net\/themenschwerpunkt-gemeinde\/#primaryimage"},"thumbnailUrl":"https:\/\/ge-na-studie.net\/wp-content\/uploads\/2024\/03\/IconGemeinde.png","datePublished":"2024-03-09T14:35:39+00:00","dateModified":"2024-06-03T10:41:13+00:00","description":"Wie verhalten sich Christinnen und Christen in der Gemeinde? Entdecken Sie mit uns die spannenden Ergebnisse der Ge-Na Studie.","breadcrumb":{"@id":"https:\/\/ge-na-studie.net\/themenschwerpunkt-gemeinde\/#breadcrumb"},"inLanguage":"fr-FR","potentialAction":[{"@type":"ReadAction","target":["https:\/\/ge-na-studie.net\/themenschwerpunkt-gemeinde\/"]}]},{"@type":"ImageObject","inLanguage":"fr-FR","@id":"https:\/\/ge-na-studie.net\/themenschwerpunkt-gemeinde\/#primaryimage","url":"https:\/\/ge-na-studie.net\/wp-content\/uploads\/2024\/03\/IconGemeinde.png","contentUrl":"https:\/\/ge-na-studie.net\/wp-content\/uploads\/2024\/03\/IconGemeinde.png","width":3240,"height":3240},{"@type":"BreadcrumbList","@id":"https:\/\/ge-na-studie.net\/themenschwerpunkt-gemeinde\/#breadcrumb","itemListElement":[{"@type":"ListItem","position":1,"name":"Startseite","item":"https:\/\/ge-na-studie.net\/"},{"@type":"ListItem","position":2,"name":"Gemeinde"}]},{"@type":"WebSite","@id":"https:\/\/ge-na-studie.net\/#website","url":"https:\/\/ge-na-studie.net\/","name":"Glaube. Klima. Hoffnung.","description":"Was Christinnen und Christen \u00fcber soziale Gerechtigkeit und \u00f6kologische Nachhaltigkeit denken.","publisher":{"@id":"https:\/\/ge-na-studie.net\/#organization"},"potentialAction":[{"@type":"SearchAction","target":{"@type":"EntryPoint","urlTemplate":"https:\/\/ge-na-studie.net\/?s={search_term_string}"},"query-input":{"@type":"PropertyValueSpecification","valueRequired":true,"valueName":"search_term_string"}}],"inLanguage":"fr-FR"},{"@type":"Organization","@id":"https:\/\/ge-na-studie.net\/#organization","name":"Die Ge-Na Studie","url":"https:\/\/ge-na-studie.net\/","logo":{"@type":"ImageObject","inLanguage":"fr-FR","@id":"https:\/\/ge-na-studie.net\/#\/schema\/logo\/image\/","url":"https:\/\/ge-na-studie.net\/wp-content\/uploads\/2023\/10\/Logo-Transparent-Background-PNG-file-e1703164434118.png","contentUrl":"https:\/\/ge-na-studie.net\/wp-content\/uploads\/2023\/10\/Logo-Transparent-Background-PNG-file-e1703164434118.png","width":885,"height":1017,"caption":"Die Ge-Na Studie"},"image":{"@id":"https:\/\/ge-na-studie.net\/#\/schema\/logo\/image\/"}},{"@type":"Person","@id":"https:\/\/ge-na-studie.net\/#\/schema\/person\/447c269310c73cf7466c8d8061c0811d","name":"Lukas Lennert","image":{"@type":"ImageObject","inLanguage":"fr-FR","@id":"https:\/\/ge-na-studie.net\/#\/schema\/person\/image\/","url":"https:\/\/secure.gravatar.com\/avatar\/8cc0a004beef1b5cc7dfd82da0e9111e5d732bfbc9eca7a46bb8889d209d2bfb?s=96&d=mm&r=g","contentUrl":"https:\/\/secure.gravatar.com\/avatar\/8cc0a004beef1b5cc7dfd82da0e9111e5d732bfbc9eca7a46bb8889d209d2bfb?s=96&d=mm&r=g","caption":"Lukas Lennert"},"sameAs":["http:\/\/lukaslennert.de"],"url":"https:\/\/ge-na-studie.net\/fr\/author\/lukaslennert\/"}]}},"_links":{"self":[{"href":"https:\/\/ge-na-studie.net\/fr\/wp-json\/wp\/v2\/posts\/1308","targetHints":{"allow":["GET"]}}],"collection":[{"href":"https:\/\/ge-na-studie.net\/fr\/wp-json\/wp\/v2\/posts"}],"about":[{"href":"https:\/\/ge-na-studie.net\/fr\/wp-json\/wp\/v2\/types\/post"}],"author":[{"embeddable":true,"href":"https:\/\/ge-na-studie.net\/fr\/wp-json\/wp\/v2\/users\/2"}],"replies":[{"embeddable":true,"href":"https:\/\/ge-na-studie.net\/fr\/wp-json\/wp\/v2\/comments?post=1308"}],"version-history":[{"count":33,"href":"https:\/\/ge-na-studie.net\/fr\/wp-json\/wp\/v2\/posts\/1308\/revisions"}],"predecessor-version":[{"id":2931,"href":"https:\/\/ge-na-studie.net\/fr\/wp-json\/wp\/v2\/posts\/1308\/revisions\/2931"}],"wp:featuredmedia":[{"embeddable":true,"href":"https:\/\/ge-na-studie.net\/fr\/wp-json\/wp\/v2\/media\/1386"}],"wp:attachment":[{"href":"https:\/\/ge-na-studie.net\/fr\/wp-json\/wp\/v2\/media?parent=1308"}],"wp:term":[{"taxonomy":"category","embeddable":true,"href":"https:\/\/ge-na-studie.net\/fr\/wp-json\/wp\/v2\/categories?post=1308"},{"taxonomy":"post_tag","embeddable":true,"href":"https:\/\/ge-na-studie.net\/fr\/wp-json\/wp\/v2\/tags?post=1308"}],"curies":[{"name":"wp","href":"https:\/\/api.w.org\/{rel}","templated":true}]}}